{"id":99631,"date":"2026-03-10T09:55:06","date_gmt":"2026-03-10T15:55:06","guid":{"rendered":"https:\/\/megavision.com.sv\/web\/?p=99631"},"modified":"2026-03-10T09:55:06","modified_gmt":"2026-03-10T15:55:06","slug":"folclore-y-naturaleza-en-el-desfile-de-louis-vuitton-en-paris","status":"publish","type":"post","link":"https:\/\/megavision.com.sv\/web\/folclore-y-naturaleza-en-el-desfile-de-louis-vuitton-en-paris\/","title":{"rendered":"Folclore y naturaleza en el desfile de Louis Vuitton en Par\u00eds"},"content":{"rendered":"\n<p>V\u00eda: AFP<\/p>\n\n\n\n<p>Louis Vuitton hizo desfilar este martes a sus modelos por un paisaje monta\u00f1oso, con grandes capas, bolsos colgando de bastones, sombreros chic de pastores y capazos, en el \u00faltimo d\u00eda de la Semana de la Moda femenina de Par\u00eds.<\/p>\n\n\n\n<p>&#8220;Para este desfile, quer\u00eda realmente poner de relieve la idea de que la naturaleza es la m\u00e1s grande de las creadoras. No se trataba de imitarla, sino m\u00e1s bien de sublimarla&#8221;, declar\u00f3 a periodistas Nicolas Ghesqui\u00e8re, director art\u00edstico de la colecci\u00f3n femenina desde 2013.<\/p>\n\n\n\n<figure class=\"wp-block-image size-large\"><img loading=\"lazy\" decoding=\"async\" width=\"1024\" height=\"683\" src=\"https:\/\/megavision.com.sv\/web\/wp-content\/uploads\/2026\/03\/AFP__20260310__A2N48RY__v1__MidRes__FashionFranceWomenLouisVuitton-1024x683.jpg\" alt=\"\" class=\"wp-image-99632\" srcset=\"https:\/\/megavision.com.sv\/web\/wp-content\/uploads\/2026\/03\/AFP__20260310__A2N48RY__v1__MidRes__FashionFranceWomenLouisVuitton-1024x683.jpg 1024w, https:\/\/megavision.com.sv\/web\/wp-content\/uploads\/2026\/03\/AFP__20260310__A2N48RY__v1__MidRes__FashionFranceWomenLouisVuitton-300x200.jpg 300w, https:\/\/megavision.com.sv\/web\/wp-content\/uploads\/2026\/03\/AFP__20260310__A2N48RY__v1__MidRes__FashionFranceWomenLouisVuitton-768x512.jpg 768w, https:\/\/megavision.com.sv\/web\/wp-content\/uploads\/2026\/03\/AFP__20260310__A2N48RY__v1__MidRes__FashionFranceWomenLouisVuitton.jpg 1200w\" sizes=\"auto, (max-width: 1024px) 100vw, 1024px\" \/><figcaption class=\"wp-element-caption\">A model presents a creation for Louis Vuitton for the Women&#8217;s Ready to Wear Fall\/Winter 2026-2027 collection fashion show as part of the Paris Women Fashion Week, in Paris, on March 10, 2026. (Photo by Thomas SAMSON \/ AFP)<\/figcaption><\/figure>\n\n\n\n<p>La presentaci\u00f3n de la legendaria firma francesa, perteneciente al conglomerado del lujo LVMH, se celebr\u00f3 en uno de los patios del museo del Louvre. Tuvo como decorados unas monta\u00f1as que recordaban el Jura, en el este de Francia, de donde Louis Vuitton, el fundador de la casa, parti\u00f3 siendo adolescente para instalarse en Par\u00eds en 1837.<\/p>\n\n\n\n<p>Ghesqui\u00e8re reivindica que &#8220;hay una forma de antropolog\u00eda de la moda en el hecho de que la gente encuentra puntos en com\u00fan en los cuatro rincones del mundo, en su manera de vestirse&#8221;.<\/p>\n\n\n\n<p>&#8220;Existe realmente esta idea de un folclore universal&#8221;, de un &#8220;nomadismo&#8221;, que se expresa a trav\u00e9s de vestidos de patchwork o de amplios sombreros de rat\u00e1n, como si fueran cestas tradicionales invertidas.<\/p>\n\n\n\n<figure class=\"wp-block-image size-large\"><img loading=\"lazy\" decoding=\"async\" width=\"1024\" height=\"684\" src=\"https:\/\/megavision.com.sv\/web\/wp-content\/uploads\/2026\/03\/AFP__20260310__A2NA9YP__v1__MidRes__FashionFranceWomenLouisVuitton-1024x684.jpg\" alt=\"\" class=\"wp-image-99633\" srcset=\"https:\/\/megavision.com.sv\/web\/wp-content\/uploads\/2026\/03\/AFP__20260310__A2NA9YP__v1__MidRes__FashionFranceWomenLouisVuitton-1024x684.jpg 1024w, https:\/\/megavision.com.sv\/web\/wp-content\/uploads\/2026\/03\/AFP__20260310__A2NA9YP__v1__MidRes__FashionFranceWomenLouisVuitton-300x200.jpg 300w, https:\/\/megavision.com.sv\/web\/wp-content\/uploads\/2026\/03\/AFP__20260310__A2NA9YP__v1__MidRes__FashionFranceWomenLouisVuitton-768x513.jpg 768w, https:\/\/megavision.com.sv\/web\/wp-content\/uploads\/2026\/03\/AFP__20260310__A2NA9YP__v1__MidRes__FashionFranceWomenLouisVuitton.jpg 1200w\" sizes=\"auto, (max-width: 1024px) 100vw, 1024px\" \/><figcaption class=\"wp-element-caption\">A model presents a creation for Louis Vuitton for the Women&#8217;s Ready to Wear Fall\/Winter 2026-2027 collection fashion show as part of the Paris Women Fashion Week, in Paris, on March 10, 2026. (Photo by Thomas SAMSON \/ AFP)<\/figcaption><\/figure>\n\n\n\n<p>El dise\u00f1ador se inspir\u00f3 tambi\u00e9n para esta l\u00ednea, llamada &#8220;Super Nature&#8221;, en el artista contempor\u00e1neo ucraniano Nazar Strelyaev-Nazarko, cuyos cuadros adornaban la espalda de chaquetas y la parte delantera de las faldas.<\/p>\n\n\n\n<p>Entre el p\u00fablico, como es habitual, figuraban numerosas estrellas, como las actrices Zendaya o Ana de Armas.<\/p>\n","protected":false},"excerpt":{"rendered":"<p>V\u00eda: AFP Louis Vuitton hizo desfilar este martes a sus modelos por un paisaje monta\u00f1oso, con grandes capas, bolsos colgando de bastones, sombreros chic de&hellip; <\/p>\n","protected":false},"author":12,"featured_media":99634,"comment_status":"closed","ping_status":"closed","sticky":false,"template":"","format":"standard","meta":{"footnotes":""},"categories":[1,26],"tags":[420],"class_list":["post-99631","post","type-post","status-publish","format-standard","has-post-thumbnail","hentry","category-destacados","category-noticias","tag-entretenimiento"],"_links":{"self":[{"href":"https:\/\/megavision.com.sv\/web\/wp-json\/wp\/v2\/posts\/99631","targetHints":{"allow":["GET"]}}],"collection":[{"href":"https:\/\/megavision.com.sv\/web\/wp-json\/wp\/v2\/posts"}],"about":[{"href":"https:\/\/megavision.com.sv\/web\/wp-json\/wp\/v2\/types\/post"}],"author":[{"embeddable":true,"href":"https:\/\/megavision.com.sv\/web\/wp-json\/wp\/v2\/users\/12"}],"replies":[{"embeddable":true,"href":"https:\/\/megavision.com.sv\/web\/wp-json\/wp\/v2\/comments?post=99631"}],"version-history":[{"count":1,"href":"https:\/\/megavision.com.sv\/web\/wp-json\/wp\/v2\/posts\/99631\/revisions"}],"predecessor-version":[{"id":99635,"href":"https:\/\/megavision.com.sv\/web\/wp-json\/wp\/v2\/posts\/99631\/revisions\/99635"}],"wp:featuredmedia":[{"embeddable":true,"href":"https:\/\/megavision.com.sv\/web\/wp-json\/wp\/v2\/media\/99634"}],"wp:attachment":[{"href":"https:\/\/megavision.com.sv\/web\/wp-json\/wp\/v2\/media?parent=99631"}],"wp:term":[{"taxonomy":"category","embeddable":true,"href":"https:\/\/megavision.com.sv\/web\/wp-json\/wp\/v2\/categories?post=99631"},{"taxonomy":"post_tag","embeddable":true,"href":"https:\/\/megavision.com.sv\/web\/wp-json\/wp\/v2\/tags?post=99631"}],"curies":[{"name":"wp","href":"https:\/\/api.w.org\/{rel}","templated":true}]}}