{"id":98806,"date":"2026-01-29T20:37:56","date_gmt":"2026-01-30T02:37:56","guid":{"rendered":"https:\/\/megavision.com.sv\/web\/?p=98806"},"modified":"2026-01-29T20:37:56","modified_gmt":"2026-01-30T02:37:56","slug":"nueva-zelanda-rechaza-integrarse-a-la-junta-de-paz-propuesta-por-trump","status":"publish","type":"post","link":"https:\/\/megavision.com.sv\/web\/nueva-zelanda-rechaza-integrarse-a-la-junta-de-paz-propuesta-por-trump\/","title":{"rendered":"Nueva Zelanda rechaza integrarse a la Junta de Paz propuesta por Trump"},"content":{"rendered":"\n<p>Nueva Zelanda rechaz\u00f3 la invitaci\u00f3n para formar parte de la Junta de Paz creada por el presidente estadounidense, Donald Trump, sum\u00e1ndose a Francia, Noruega y Croacia entre los pocos pa\u00edses que han declinado la propuesta de manera expl\u00edcita. La iniciativa fue presentada la semana pasada durante el Foro Econ\u00f3mico Mundial en Davos.<\/p>\n\n\n\n<p>El objetivo original de la Junta era supervisar la reconstrucci\u00f3n de Gaza, pero su carta fundacional no limita su labor al territorio palestino, lo que ha generado cuestionamientos sobre su posible rivalidad con la ONU.<\/p>\n\n\n\n<p>El ministro de Relaciones Exteriores de Nueva Zelanda, Winston Peters, afirm\u00f3 que su pa\u00eds \u201cno se unir\u00e1 a la Junta en su forma actual, pero seguir\u00e1 atento a los acontecimientos\u201d. Adem\u00e1s, se\u00f1al\u00f3 que varios estados de la regi\u00f3n ya est\u00e1n comprometidos con la labor en Gaza y que Nueva Zelanda \u201cno aportar\u00eda un valor a\u00f1adido significativo\u201d.<\/p>\n\n\n\n<p>Wellington no descart\u00f3 por completo la idea de la Junta, pero reafirm\u00f3 su apoyo a las Naciones Unidas. Peters subray\u00f3 que el organismo propuesto debe operar conforme a la Resoluci\u00f3n 2803 del Consejo de Seguridad de la ONU y que es necesario tener claridad sobre su funcionamiento y \u00e1mbito de acci\u00f3n.<\/p>\n\n\n\n<p>La postura de Nueva Zelanda refleja los recelos que varios pa\u00edses han expresado ante la iniciativa de Trump, mientras el debate sobre el alcance y la legitimidad de la Junta de Paz contin\u00faa en la comunidad internacional.<\/p>\n","protected":false},"excerpt":{"rendered":"<p>Nueva Zelanda rechaz\u00f3 la invitaci\u00f3n para formar parte de la Junta de Paz creada por el presidente estadounidense, Donald Trump, sum\u00e1ndose a Francia, Noruega y&hellip; <\/p>\n","protected":false},"author":12,"featured_media":98807,"comment_status":"closed","ping_status":"closed","sticky":false,"template":"","format":"standard","meta":{"footnotes":""},"categories":[1,26],"tags":[193,150],"class_list":["post-98806","post","type-post","status-publish","format-standard","has-post-thumbnail","hentry","category-destacados","category-noticias","tag-estados-unidos","tag-internacionales"],"_links":{"self":[{"href":"https:\/\/megavision.com.sv\/web\/wp-json\/wp\/v2\/posts\/98806","targetHints":{"allow":["GET"]}}],"collection":[{"href":"https:\/\/megavision.com.sv\/web\/wp-json\/wp\/v2\/posts"}],"about":[{"href":"https:\/\/megavision.com.sv\/web\/wp-json\/wp\/v2\/types\/post"}],"author":[{"embeddable":true,"href":"https:\/\/megavision.com.sv\/web\/wp-json\/wp\/v2\/users\/12"}],"replies":[{"embeddable":true,"href":"https:\/\/megavision.com.sv\/web\/wp-json\/wp\/v2\/comments?post=98806"}],"version-history":[{"count":1,"href":"https:\/\/megavision.com.sv\/web\/wp-json\/wp\/v2\/posts\/98806\/revisions"}],"predecessor-version":[{"id":98808,"href":"https:\/\/megavision.com.sv\/web\/wp-json\/wp\/v2\/posts\/98806\/revisions\/98808"}],"wp:featuredmedia":[{"embeddable":true,"href":"https:\/\/megavision.com.sv\/web\/wp-json\/wp\/v2\/media\/98807"}],"wp:attachment":[{"href":"https:\/\/megavision.com.sv\/web\/wp-json\/wp\/v2\/media?parent=98806"}],"wp:term":[{"taxonomy":"category","embeddable":true,"href":"https:\/\/megavision.com.sv\/web\/wp-json\/wp\/v2\/categories?post=98806"},{"taxonomy":"post_tag","embeddable":true,"href":"https:\/\/megavision.com.sv\/web\/wp-json\/wp\/v2\/tags?post=98806"}],"curies":[{"name":"wp","href":"https:\/\/api.w.org\/{rel}","templated":true}]}}