{"id":97828,"date":"2025-12-16T10:17:44","date_gmt":"2025-12-16T16:17:44","guid":{"rendered":"https:\/\/megavision.com.sv\/web\/?p=97828"},"modified":"2025-12-16T10:17:44","modified_gmt":"2025-12-16T16:17:44","slug":"una-sequia-critica-acecha-el-abastecimiento-de-agua-en-sao-paulo","status":"publish","type":"post","link":"https:\/\/megavision.com.sv\/web\/una-sequia-critica-acecha-el-abastecimiento-de-agua-en-sao-paulo\/","title":{"rendered":"Una sequ\u00eda cr\u00edtica acecha el abastecimiento de agua en Sao Paulo"},"content":{"rendered":"\n<p>AFP<\/p>\n\n\n\n<p>Tras registrar el a\u00f1o con menos lluvias en la \u00faltima d\u00e9cada, Sao Paulo enfrenta una crisis h\u00eddrica que puede requerir extremar unas primeras medidas de racionamiento ya en vigor en la capital econ\u00f3mica de Brasil.<\/p>\n\n\n\n<p>La ciudad m\u00e1s rica y poblada de Am\u00e9rica Latina, con casi 22 millones de habitantes incluyendo su regi\u00f3n metropolitana, lleva tres a\u00f1os consecutivos con precipitaciones por debajo de su media hist\u00f3rica.<\/p>\n\n\n\n<p>Las autoridades esperan que las lluvias aumenten desde los primeros meses de 2026, tal como apuntan los pron\u00f3sticos metereol\u00f3gicos, lo que ayudar\u00eda al sistema h\u00eddrico a recuperar sus niveles normales.<\/p>\n\n\n\n<p>La represa Jaguari-Jacare\u00ed, el mayor reservorio de agua paulista situado a 120 km al noreste de la ciudad y que abastece a 9 millones de personas, opera este martes a menos del 18% de su capacidad, con vol\u00famenes que se aproximan a los de una sequ\u00eda grave ocurrida en 2014.<\/p>\n\n\n\n<p>El agua baj\u00f3 hasta dejar la mayor parte de la represa seca y atravesada por riachos escu\u00e1lidos, constat\u00f3 la AFP.<\/p>\n\n\n\n<p>&#8220;A partir de agosto el agua empez\u00f3 a bajar y bajar. Da mucho miedo, d\u00eda a d\u00eda la vemos disminuyendo&#8221;, dijo a la AFP Daniel Bacci, due\u00f1o de una posada pegada a Jaguari-Jacare\u00ed.<\/p>\n\n\n\n<p>La semana pasada &#8220;hubo un poco de lluvia pero no alcanz\u00f3 para elevar el agua&#8221;, agreg\u00f3.<\/p>\n\n\n\n<p>Expertos se\u00f1alan que el clima de Sao Paulo experiment\u00f3 cambios asociados al calentamiento global en las \u00faltimas d\u00e9cadas, con precipitaciones m\u00e1s escasas en promedio anual aunque m\u00e1s violentas durante la temporada h\u00fameda.<\/p>\n\n\n\n<p>La represa Jaguari-Jacare\u00ed forma parte del sistema h\u00eddrico conocido como Cantaneira, el principal de la megal\u00f3polis, que en los \u00faltimos d\u00edas lleg\u00f3 a funcionar por debajo del 20% de su capacidad total.<\/p>\n\n\n\n<p>Si sus niveles se mantienen as\u00ed hasta enero, el sistema entrar\u00e1 por primera vez en la clasificaci\u00f3n &#8220;m\u00e1s cr\u00edtica prevista&#8221; en un protocolo de 2017 para situaciones de escasez, advirti\u00f3 la Agencia Nacional de Aguas.<\/p>\n\n\n\n<p>El gobierno del estado de Sao Paulo implement\u00f3 en octubre un plan de contingencia que contempla el racionamiento de agua, mediante la reducci\u00f3n de la presi\u00f3n en las tuber\u00edas por per\u00edodos de hasta 16 horas diarias.<\/p>\n\n\n\n<p>En caso de un colapso total del sistema, con niveles h\u00eddricos cercanos a cero en las represas, se prev\u00e9n cortes rotativos en el abastecimiento.<\/p>\n\n\n\n<p>Sao Paulo vivi\u00f3 la semana pasada escenas de caos por un temporal con vendavales que dejaron a cientos de miles de personas sin luz y cancelaron centenares de vuelos en los aeropuertos.<\/p>\n","protected":false},"excerpt":{"rendered":"<p>AFP Tras registrar el a\u00f1o con menos lluvias en la \u00faltima d\u00e9cada, Sao Paulo enfrenta una crisis h\u00eddrica que puede requerir extremar unas primeras medidas&hellip; <\/p>\n","protected":false},"author":12,"featured_media":97829,"comment_status":"closed","ping_status":"closed","sticky":false,"template":"","format":"standard","meta":{"footnotes":""},"categories":[1,26],"tags":[1218,2188],"class_list":["post-97828","post","type-post","status-publish","format-standard","has-post-thumbnail","hentry","category-destacados","category-noticias","tag-sao-paulo","tag-sequia"],"_links":{"self":[{"href":"https:\/\/megavision.com.sv\/web\/wp-json\/wp\/v2\/posts\/97828","targetHints":{"allow":["GET"]}}],"collection":[{"href":"https:\/\/megavision.com.sv\/web\/wp-json\/wp\/v2\/posts"}],"about":[{"href":"https:\/\/megavision.com.sv\/web\/wp-json\/wp\/v2\/types\/post"}],"author":[{"embeddable":true,"href":"https:\/\/megavision.com.sv\/web\/wp-json\/wp\/v2\/users\/12"}],"replies":[{"embeddable":true,"href":"https:\/\/megavision.com.sv\/web\/wp-json\/wp\/v2\/comments?post=97828"}],"version-history":[{"count":1,"href":"https:\/\/megavision.com.sv\/web\/wp-json\/wp\/v2\/posts\/97828\/revisions"}],"predecessor-version":[{"id":97830,"href":"https:\/\/megavision.com.sv\/web\/wp-json\/wp\/v2\/posts\/97828\/revisions\/97830"}],"wp:featuredmedia":[{"embeddable":true,"href":"https:\/\/megavision.com.sv\/web\/wp-json\/wp\/v2\/media\/97829"}],"wp:attachment":[{"href":"https:\/\/megavision.com.sv\/web\/wp-json\/wp\/v2\/media?parent=97828"}],"wp:term":[{"taxonomy":"category","embeddable":true,"href":"https:\/\/megavision.com.sv\/web\/wp-json\/wp\/v2\/categories?post=97828"},{"taxonomy":"post_tag","embeddable":true,"href":"https:\/\/megavision.com.sv\/web\/wp-json\/wp\/v2\/tags?post=97828"}],"curies":[{"name":"wp","href":"https:\/\/api.w.org\/{rel}","templated":true}]}}