{"id":97808,"date":"2025-12-15T09:49:31","date_gmt":"2025-12-15T15:49:31","guid":{"rendered":"https:\/\/megavision.com.sv\/web\/?p=97808"},"modified":"2025-12-15T09:49:31","modified_gmt":"2025-12-15T15:49:31","slug":"un-padre-e-hijo-matan-a-15-personas-durante-una-festividad-judia-en-una-playa-de-australia","status":"publish","type":"post","link":"https:\/\/megavision.com.sv\/web\/un-padre-e-hijo-matan-a-15-personas-durante-una-festividad-judia-en-una-playa-de-australia\/","title":{"rendered":"Un padre e hijo matan a 15 personas durante una festividad jud\u00eda en una playa de Australia"},"content":{"rendered":"\n<p>AFP<\/p>\n\n\n\n<p>Dos hombres, padre e hijo, mataron a tiros a 15 personas el domingo en Bondi Beach, en S\u00eddney, una de las playas m\u00e1s populares de Australia, durante una celebraci\u00f3n de la festividad jud\u00eda de Januc\u00e1, un ataque calificado de &#8220;terrorista&#8221; y &#8220;antisemita&#8221; por las autoridades.<\/p>\n\n\n\n<p>La polic\u00eda de Nueva Gales del Sur dijo el lunes que 15 personas fallecieron en el tiroteo, adem\u00e1s de uno de los atacantes. Hay 42 personas hospitalizadas.<\/p>\n\n\n\n<p>Los atacantes son padre e hijo y uno de ellos muri\u00f3 durante la balacera.<\/p>\n\n\n\n<p>&#8220;El hombre de 50 a\u00f1os falleci\u00f3. El de 24 a\u00f1os se encuentra actualmente en el hospital&#8221;, declar\u00f3 en una rueda de prensa el comisario de polic\u00eda de Nueva Gales del Sur, Mal Lanyon, que precis\u00f3 que las autoridades no est\u00e1n buscando a ning\u00fan otro sospechoso.<\/p>\n\n\n\n<p>La televisi\u00f3n nacional ABC inform\u00f3 posteriormente que el servicio de inteligencia australiano hab\u00eda investigado al menor de los atacantes por posibles v\u00ednculos con el grupo Estado Isl\u00e1mico.<\/p>\n\n\n\n<p>En tanto, el primer ministro australiano, Anthony Albanese, declar\u00f3 en un discurso televisado que fue &#8220;un ataque dirigido contra los jud\u00edos australianos&#8221;, durante Januc\u00e1, una festividad conocida como la Fiesta de las Luces, que debi\u00f3 ser &#8220;un d\u00eda de alegr\u00eda&#8221;.<\/p>\n\n\n\n<p>Albanese posteriormente propuso endurecer las leyes contra la tenencia de armas, luego de que la polic\u00eda confirmara que uno de los atacantes ten\u00eda licencia para poseer seis armas de fuego.<\/p>\n\n\n\n<p>&#8220;El gobierno est\u00e1 preparado para tomar cualquier acci\u00f3n necesaria. Se incluye en eso la necesidad de leyes m\u00e1s duras&#8221; sobre las armas, afirm\u00f3.<\/p>\n\n\n\n<p>La polic\u00eda calific\u00f3 el tiroteo como un acto &#8220;terrorista&#8221; y dijo haber encontrado &#8220;artefactos explosivos improvisados&#8221; en un veh\u00edculo cerca de la playa vinculado al sospechoso fallecido.<\/p>\n\n\n\n<p>Unas 1.000 personas se congregaron en la playa de Bondi para celebrar Januc\u00e1, inform\u00f3 la polic\u00eda.<\/p>\n\n\n\n<p>&#8220;Escuchamos los disparos. Fue impactante; se sinti\u00f3 como diez minutos solo &#8216;bang, bang, bang&#8217;. Parec\u00eda un arma potente&#8221;, dijo a AFP Camilo D\u00edaz, un estudiante chileno de 25 a\u00f1os que estaba en el lugar.<\/p>\n\n\n\n<h2 class=\"wp-block-heading\">&#8211; &#8220;No sabemos qu\u00e9 pasa&#8221; &#8211;<\/h2>\n\n\n\n<p>Los australianos elevaron a &#8220;h\u00e9roe&#8221; a un hombre que forceje\u00f3 con uno de los agresores hasta arrebatarle el arma y permiti\u00f3 salvar muchas vidas en el peor tiroteo masivo en este pa\u00eds en a\u00f1os.<\/p>\n\n\n\n<p>El medio local 7News identific\u00f3 al &#8220;h\u00e9roe&#8221; como Ahmed al Ahmed, de 43 a\u00f1os, vendedor de fruta, que habr\u00eda resultado herido de dos balazos y est\u00e1 hospitalizado. La cadena habl\u00f3 con un hombre que declar\u00f3 ser su primo y que se identific\u00f3 como Mustapha.<\/p>\n\n\n\n<p>Entre los muertos se encuentra Eli Schlanger, nacido en Londres, padre de cinco hijos de 41 a\u00f1os que se desempe\u00f1aba como rabino asistente en el centro cultural jud\u00edo Chabad de Bondi, cont\u00f3 su primo al medio brit\u00e1nico Jewish News.<\/p>\n\n\n\n<p>&#8220;\u00bfC\u00f3mo puede un rabino alegre que fue a una playa a difundir felicidad y luz, a hacer del mundo un lugar mejor, perder la vida de esta manera?&#8221;, dijo el rabino Zalman Lewis.<\/p>\n\n\n\n<p>La canciller\u00eda francesa inform\u00f3 que un ciudadano del pa\u00eds muri\u00f3 en el ataque.<\/p>\n\n\n\n<p>Dirigentes del mundo condenaron el tiroteo, desde Europa a Estados Unidos donde el presidente, Donald Trump, declar\u00f3 que se trat\u00f3 de un acto &#8220;puramente antisemita&#8221;.<\/p>\n\n\n\n<p>El primer ministro, Benjamin Netanyahu, reproch\u00f3 a Australia haber reconocido al Estado palestino.<\/p>\n\n\n\n<p>El Ministerio de Exteriores palestino afirm\u00f3 que rechaza &#8220;todas las formas de violencia, terrorismo y extremismo&#8221;, en un comunicado que ratific\u00f3 su solidaridad con Australia, pa\u00eds que reconoci\u00f3 al Estado palestino en septiembre.<\/p>\n\n\n\n<p>En Espa\u00f1a, el jefe del Gobierno, Pedro S\u00e1nchez, llam\u00f3 a &#8220;trabajar sin descanso para erradicar el antisemitismo y el terrorismo&#8221;, en un mensaje en X.<\/p>\n\n\n\n<p>En Argentina, el presidente Javier Milei, calific\u00f3 de &#8220;horror&#8221; el ataque en Januc\u00e1, &#8220;la fiesta en la que pocos vencen a muchos. La fiesta que nos recuerda que la luz vence la oscuridad&#8221;, escribi\u00f3 en la red X.<\/p>\n\n\n\n<h2 class=\"wp-block-heading\">&#8211; Ir\u00e1n condena el ataque &#8211;<\/h2>\n\n\n\n<p>Bondi Beach, en el este de S\u00eddney, es una de las playas m\u00e1s populares del pa\u00eds, donde los servicios de emergencia recibieron las primeras llamadas hacia las 18H47 (07H47 GMT), dijo la polic\u00eda.<\/p>\n\n\n\n<p>El jefe de la Asociaci\u00f3n Jud\u00eda de Australia, Robert Gregory, declar\u00f3 que el tiroteo fue una tragedia &#8220;previsible&#8221; y denunci\u00f3 que el Gobierno &#8220;no tom\u00f3 las medidas adecuadas para proteger a la comunidad jud\u00eda&#8221;.<\/p>\n\n\n\n<p>Tras el ataque de Ham\u00e1s contra Israel del 7 de octubre de 2023 que desencaden\u00f3 la guerra en Gaza, Australia ha registrado varios ataques antisemitas.<\/p>\n\n\n\n<p>El gobierno australiano acus\u00f3 a Ir\u00e1n de estar detr\u00e1s de ellos y expuls\u00f3 al embajador.<\/p>\n\n\n\n<p>Este domingo, Ir\u00e1n conden\u00f3 &#8220;el violento ataque&#8221; y el portavoz de la canciller\u00eda declar\u00f3 que su pa\u00eds rechaza &#8220;el terrorismo&#8221;<\/p>\n","protected":false},"excerpt":{"rendered":"<p>AFP Dos hombres, padre e hijo, mataron a tiros a 15 personas el domingo en Bondi Beach, en S\u00eddney, una de las playas m\u00e1s populares&hellip; <\/p>\n","protected":false},"author":12,"featured_media":97809,"comment_status":"closed","ping_status":"closed","sticky":false,"template":"","format":"standard","meta":{"footnotes":""},"categories":[1,26],"tags":[219],"class_list":["post-97808","post","type-post","status-publish","format-standard","has-post-thumbnail","hentry","category-destacados","category-noticias","tag-australia"],"_links":{"self":[{"href":"https:\/\/megavision.com.sv\/web\/wp-json\/wp\/v2\/posts\/97808","targetHints":{"allow":["GET"]}}],"collection":[{"href":"https:\/\/megavision.com.sv\/web\/wp-json\/wp\/v2\/posts"}],"about":[{"href":"https:\/\/megavision.com.sv\/web\/wp-json\/wp\/v2\/types\/post"}],"author":[{"embeddable":true,"href":"https:\/\/megavision.com.sv\/web\/wp-json\/wp\/v2\/users\/12"}],"replies":[{"embeddable":true,"href":"https:\/\/megavision.com.sv\/web\/wp-json\/wp\/v2\/comments?post=97808"}],"version-history":[{"count":1,"href":"https:\/\/megavision.com.sv\/web\/wp-json\/wp\/v2\/posts\/97808\/revisions"}],"predecessor-version":[{"id":97810,"href":"https:\/\/megavision.com.sv\/web\/wp-json\/wp\/v2\/posts\/97808\/revisions\/97810"}],"wp:featuredmedia":[{"embeddable":true,"href":"https:\/\/megavision.com.sv\/web\/wp-json\/wp\/v2\/media\/97809"}],"wp:attachment":[{"href":"https:\/\/megavision.com.sv\/web\/wp-json\/wp\/v2\/media?parent=97808"}],"wp:term":[{"taxonomy":"category","embeddable":true,"href":"https:\/\/megavision.com.sv\/web\/wp-json\/wp\/v2\/categories?post=97808"},{"taxonomy":"post_tag","embeddable":true,"href":"https:\/\/megavision.com.sv\/web\/wp-json\/wp\/v2\/tags?post=97808"}],"curies":[{"name":"wp","href":"https:\/\/api.w.org\/{rel}","templated":true}]}}