{"id":95848,"date":"2025-09-01T14:20:50","date_gmt":"2025-09-01T20:20:50","guid":{"rendered":"https:\/\/megavision.com.sv\/web\/?p=95848"},"modified":"2025-09-01T14:20:50","modified_gmt":"2025-09-01T20:20:50","slug":"vicepresidente-felix-ulloa-destaca-transformacion-educativa-y-necesidad-de-integracion-regional","status":"publish","type":"post","link":"https:\/\/megavision.com.sv\/web\/vicepresidente-felix-ulloa-destaca-transformacion-educativa-y-necesidad-de-integracion-regional\/","title":{"rendered":"Vicepresidente F\u00e9lix Ulloa destaca transformaci\u00f3n educativa y necesidad de integraci\u00f3n regional"},"content":{"rendered":"\n<p>F\u00e1tima Escobar<\/p>\n\n\n\n<p>El vicepresidente de la Rep\u00fablica, F\u00e9lix Ulloa, afirm\u00f3 que El Salvador est\u00e1 viviendo una transformaci\u00f3n profunda en el \u00e1mbito educativo, con una inversi\u00f3n sin precedentes de casi el 5% del PIB y un enfoque que va m\u00e1s all\u00e1 de lo acad\u00e9mico. Seg\u00fan explic\u00f3, la construcci\u00f3n de ciudadan\u00eda debe comenzar desde la infancia, promoviendo valores como el respeto, la cortes\u00eda y la responsabilidad social. \u201cEmpezar por decir buenos d\u00edas, dar gracias y pedir por favor forma parte de esa nueva educaci\u00f3n\u201d, se\u00f1al\u00f3.<\/p>\n\n\n\n<blockquote class=\"twitter-tweet\" data-media-max-width=\"560\"><p lang=\"es\" dir=\"ltr\"><a href=\"https:\/\/twitter.com\/hashtag\/Di%C3%A1logo21?src=hash&amp;ref_src=twsrc%5Etfw\">#Di\u00e1logo21<\/a> | El vicepresidente de la Rep\u00fablica indic\u00f3 que el presidente Bukele convierte a la educaci\u00f3n en prioridad, destin\u00e1ndole casi un 5 % del PIB, el mayor rubro del presupuesto nacional. <a href=\"https:\/\/t.co\/GX7RSiyR16\">pic.twitter.com\/GX7RSiyR16<\/a><\/p>&mdash; Di\u00e1logo &#8211; GMV (@dialogo21) <a href=\"https:\/\/twitter.com\/dialogo21\/status\/1962516020238704663?ref_src=twsrc%5Etfw\">September 1, 2025<\/a><\/blockquote> <script async src=\"https:\/\/platform.twitter.com\/widgets.js\" charset=\"utf-8\"><\/script>\n\n\n\n<p>Ulloa tambi\u00e9n hizo \u00e9nfasis en la necesidad de un equilibrio en la disciplina escolar, reconociendo errores del pasado, pero rechazando la falta de autoridad en las aulas. \u201cNo se trata de volver a castigos f\u00edsicos, pero tampoco de permitir el irrespeto y la falta de normas b\u00e1sicas\u201d, dijo. Agreg\u00f3 que el fortalecimiento de valores c\u00edvicos debe ser compartido entre la escuela y la familia.<\/p>\n\n\n\n<p>En cuanto a la administraci\u00f3n p\u00fablica, destac\u00f3 la creaci\u00f3n de la Escuela Superior de Innovaci\u00f3n como una herramienta clave para modernizar el servicio civil. \u201cLa innovaci\u00f3n no es decorativa; es el componente que permitir\u00e1 que el Estado responda con eficiencia a las exigencias del mundo digital\u201d, afirm\u00f3. Adem\u00e1s, mencion\u00f3 convenios internacionales para otorgar becas de formaci\u00f3n superior a funcionarios p\u00fablicos y estudiantes.<\/p>\n\n\n\n<blockquote class=\"twitter-tweet\"><p lang=\"es\" dir=\"ltr\"><a href=\"https:\/\/twitter.com\/hashtag\/Di%C3%A1logo21?src=hash&amp;ref_src=twsrc%5Etfw\">#Di\u00e1logo21<\/a> | &quot;Somos el \u00fanico pa\u00eds en el mundo que tiene una Comisi\u00f3n de Regulaci\u00f3n de Activos Digitales&quot;, se\u00f1al\u00f3 el vicepresidente de la Rep\u00fablica, F\u00e9lix Ulloa. <a href=\"https:\/\/t.co\/3wJPuPLAjk\">pic.twitter.com\/3wJPuPLAjk<\/a><\/p>&mdash; Di\u00e1logo &#8211; GMV (@dialogo21) <a href=\"https:\/\/twitter.com\/dialogo21\/status\/1962522524597584332?ref_src=twsrc%5Etfw\">September 1, 2025<\/a><\/blockquote> <script async src=\"https:\/\/platform.twitter.com\/widgets.js\" charset=\"utf-8\"><\/script>\n\n\n\n<p>Respecto a la integraci\u00f3n regional, Ulloa expres\u00f3 preocupaci\u00f3n por el estancamiento actual del Sistema de Integraci\u00f3n Centroamericana (SICA), mencionando la falta de acuerdos para elegir autoridades y la salida de pa\u00edses como Nicaragua de instancias regionales. \u201cLa regi\u00f3n necesita pasar de la integraci\u00f3n simb\u00f3lica a una uni\u00f3n real. Unidos, los pa\u00edses del SICA conforman la cuarta econom\u00eda m\u00e1s grande de Am\u00e9rica Latina\u201d, subray\u00f3.<\/p>\n\n\n\n<blockquote class=\"twitter-tweet\"><p lang=\"es\" dir=\"ltr\"><a href=\"https:\/\/twitter.com\/hashtag\/Di%C3%A1logo21?src=hash&amp;ref_src=twsrc%5Etfw\">#Di\u00e1logo21<\/a> | &quot;Como peque\u00f1os pa\u00edses, cada uno por separado es irrelevante para la comunidad internacional; pero unidos en una sola labor, la regi\u00f3n SICA constituye la cuarta econom\u00eda de Am\u00e9rica Latina. Solo es superada por Brasil, M\u00e9xico y Argentina; despu\u00e9s sigue la regi\u00f3n SICA&quot;,\u2026 <a href=\"https:\/\/t.co\/Ih3U3FZH3K\">pic.twitter.com\/Ih3U3FZH3K<\/a><\/p>&mdash; Di\u00e1logo &#8211; GMV (@dialogo21) <a href=\"https:\/\/twitter.com\/dialogo21\/status\/1962523941152465152?ref_src=twsrc%5Etfw\">September 1, 2025<\/a><\/blockquote> <script async src=\"https:\/\/platform.twitter.com\/widgets.js\" charset=\"utf-8\"><\/script>\n","protected":false},"excerpt":{"rendered":"<p>F\u00e1tima Escobar El vicepresidente de la Rep\u00fablica, F\u00e9lix Ulloa, afirm\u00f3 que El Salvador est\u00e1 viviendo una transformaci\u00f3n profunda en el \u00e1mbito educativo, con una inversi\u00f3n&hellip; <\/p>\n","protected":false},"author":12,"featured_media":95849,"comment_status":"closed","ping_status":"closed","sticky":false,"template":"","format":"standard","meta":{"footnotes":""},"categories":[1,27],"tags":[908],"class_list":["post-95848","post","type-post","status-publish","format-standard","has-post-thumbnail","hentry","category-destacados","category-entrevista","tag-felix-ulloa"],"_links":{"self":[{"href":"https:\/\/megavision.com.sv\/web\/wp-json\/wp\/v2\/posts\/95848","targetHints":{"allow":["GET"]}}],"collection":[{"href":"https:\/\/megavision.com.sv\/web\/wp-json\/wp\/v2\/posts"}],"about":[{"href":"https:\/\/megavision.com.sv\/web\/wp-json\/wp\/v2\/types\/post"}],"author":[{"embeddable":true,"href":"https:\/\/megavision.com.sv\/web\/wp-json\/wp\/v2\/users\/12"}],"replies":[{"embeddable":true,"href":"https:\/\/megavision.com.sv\/web\/wp-json\/wp\/v2\/comments?post=95848"}],"version-history":[{"count":1,"href":"https:\/\/megavision.com.sv\/web\/wp-json\/wp\/v2\/posts\/95848\/revisions"}],"predecessor-version":[{"id":95850,"href":"https:\/\/megavision.com.sv\/web\/wp-json\/wp\/v2\/posts\/95848\/revisions\/95850"}],"wp:featuredmedia":[{"embeddable":true,"href":"https:\/\/megavision.com.sv\/web\/wp-json\/wp\/v2\/media\/95849"}],"wp:attachment":[{"href":"https:\/\/megavision.com.sv\/web\/wp-json\/wp\/v2\/media?parent=95848"}],"wp:term":[{"taxonomy":"category","embeddable":true,"href":"https:\/\/megavision.com.sv\/web\/wp-json\/wp\/v2\/categories?post=95848"},{"taxonomy":"post_tag","embeddable":true,"href":"https:\/\/megavision.com.sv\/web\/wp-json\/wp\/v2\/tags?post=95848"}],"curies":[{"name":"wp","href":"https:\/\/api.w.org\/{rel}","templated":true}]}}