{"id":95606,"date":"2025-08-15T10:16:00","date_gmt":"2025-08-15T16:16:00","guid":{"rendered":"https:\/\/megavision.com.sv\/web\/?p=95606"},"modified":"2025-08-15T10:16:00","modified_gmt":"2025-08-15T16:16:00","slug":"colombia-denuncia-detencion-en-venezuela-de-firmantes-de-paz-con-las-farc","status":"publish","type":"post","link":"https:\/\/megavision.com.sv\/web\/colombia-denuncia-detencion-en-venezuela-de-firmantes-de-paz-con-las-farc\/","title":{"rendered":"Colombia denuncia detenci\u00f3n en Venezuela de firmantes de paz con las FARC"},"content":{"rendered":"\n<p>AFP<\/p>\n\n\n\n<p>Colombia denunci\u00f3 este viernes la detenci\u00f3n en Venezuela de cuatro antiguos guerrilleros de las FARC que firmaron la paz en 2016 y de un funcionario colombiano, seg\u00fan un comunicado de la agencia encargada de la reincorporaci\u00f3n de excombatientes a la vida civil.<\/p>\n\n\n\n<p>El 14 de agosto, los cinco colombianos cruzaron a Venezuela para hacer &#8220;turismo&#8221; tras participar en un acto de entrega de ayuda econ\u00f3mica a firmantes de paz en la regi\u00f3n de Arauca (noreste), explica el bolet\u00edn. M\u00e1s tarde, Caracas confirm\u00f3 su detenci\u00f3n.<\/p>\n\n\n\n<p>Colombia activ\u00f3 &#8220;los canales institucionales y diplom\u00e1ticos para esclarecer los hechos&#8221; y asegurar &#8220;el pronto y seguro retorno de los ciudadanos retenidos&#8221;, a\u00f1adi\u00f3 la Agencia para la Reincorporaci\u00f3n y la Normalizaci\u00f3n.<\/p>\n\n\n\n<p>Colombia estrech\u00f3 lazos con Venezuela tras la llegada al poder de Gustavo Petro, el primer presidente izquierdista en la historia del pa\u00eds. Pero la cuestionada reelecci\u00f3n de Nicol\u00e1s Maduro, en Venezuela, a mediados de 2024, distanci\u00f3 a los mandatarios.<\/p>\n\n\n\n<p>La retenci\u00f3n ocurre en medio de acercamientos diplom\u00e1ticos entre los gobiernos para coordinar a sus fuerzas armadas en la lucha contra los grupos ilegales en la frontera.<\/p>\n\n\n\n<p>Entre los detenidos est\u00e1n Diana Blanco, firmante de paz y funcionaria encargada de promover la reincorporaci\u00f3n de los excombatientes de las FARC a la vida civil, y otros tres firmantes de paz que trabajan como escoltas y tienen permitido el porte de armas.<\/p>\n\n\n\n<p>Bogot\u00e1 no reconoci\u00f3 el triunfo de Maduro para un tercer mandato consecutivo, pero mantuvo abiertos los canales diplom\u00e1ticos con Venezuela.&nbsp;De su lado,&nbsp;Maduro ha dicho que medio centenar de colombianos se\u00f1alados como &#8220;mercenarios&#8221; est\u00e1n presos en Venezuela. La diplomacia colombiana pide su liberaci\u00f3n.<\/p>\n\n\n\n<p>A principios de agosto la Canciller\u00eda colombiana dijo que la abogada y opositora venezolana Mar\u00eda Alejandra D\u00edaz est\u00e1 asilada desde enero en su embajada en Venezuela &#8220;por motivos pol\u00edticos&#8221;.<\/p>\n\n\n\n<p>En Venezuela se registran m\u00faltiples denuncias por violaciones a los derechos humanos y encarcelamientos pol\u00edticos. Seg\u00fan la oeneg\u00e9 Foro Penal, con sede en Caracas, actualmente hay m\u00e1s de 800 presos pol\u00edticos en el pa\u00eds.<\/p>\n","protected":false},"excerpt":{"rendered":"<p>AFP Colombia denunci\u00f3 este viernes la detenci\u00f3n en Venezuela de cuatro antiguos guerrilleros de las FARC que firmaron la paz en 2016 y de un&hellip; <\/p>\n","protected":false},"author":12,"featured_media":95608,"comment_status":"closed","ping_status":"closed","sticky":false,"template":"","format":"standard","meta":{"footnotes":""},"categories":[1,26],"tags":[1060,5343],"class_list":["post-95606","post","type-post","status-publish","format-standard","has-post-thumbnail","hentry","category-destacados","category-noticias","tag-colombia","tag-farc"],"_links":{"self":[{"href":"https:\/\/megavision.com.sv\/web\/wp-json\/wp\/v2\/posts\/95606","targetHints":{"allow":["GET"]}}],"collection":[{"href":"https:\/\/megavision.com.sv\/web\/wp-json\/wp\/v2\/posts"}],"about":[{"href":"https:\/\/megavision.com.sv\/web\/wp-json\/wp\/v2\/types\/post"}],"author":[{"embeddable":true,"href":"https:\/\/megavision.com.sv\/web\/wp-json\/wp\/v2\/users\/12"}],"replies":[{"embeddable":true,"href":"https:\/\/megavision.com.sv\/web\/wp-json\/wp\/v2\/comments?post=95606"}],"version-history":[{"count":1,"href":"https:\/\/megavision.com.sv\/web\/wp-json\/wp\/v2\/posts\/95606\/revisions"}],"predecessor-version":[{"id":95609,"href":"https:\/\/megavision.com.sv\/web\/wp-json\/wp\/v2\/posts\/95606\/revisions\/95609"}],"wp:featuredmedia":[{"embeddable":true,"href":"https:\/\/megavision.com.sv\/web\/wp-json\/wp\/v2\/media\/95608"}],"wp:attachment":[{"href":"https:\/\/megavision.com.sv\/web\/wp-json\/wp\/v2\/media?parent=95606"}],"wp:term":[{"taxonomy":"category","embeddable":true,"href":"https:\/\/megavision.com.sv\/web\/wp-json\/wp\/v2\/categories?post=95606"},{"taxonomy":"post_tag","embeddable":true,"href":"https:\/\/megavision.com.sv\/web\/wp-json\/wp\/v2\/tags?post=95606"}],"curies":[{"name":"wp","href":"https:\/\/api.w.org\/{rel}","templated":true}]}}