{"id":95316,"date":"2025-07-25T10:32:17","date_gmt":"2025-07-25T16:32:17","guid":{"rendered":"https:\/\/megavision.com.sv\/web\/?p=95316"},"modified":"2025-07-25T10:32:17","modified_gmt":"2025-07-25T16:32:17","slug":"dos-accidentes-en-la-panamericana-dejan-un-lesionado-y-cuantiosos-danos-materiales","status":"publish","type":"post","link":"https:\/\/megavision.com.sv\/web\/dos-accidentes-en-la-panamericana-dejan-un-lesionado-y-cuantiosos-danos-materiales\/","title":{"rendered":"Dos accidentes en la Panamericana dejan un lesionado y cuantiosos da\u00f1os materiales"},"content":{"rendered":"\n<p>William Santos<\/p>\n\n\n\n<p>Dos accidentes de tr\u00e1nsito registrados esta ma\u00f1ana sobre la carretera Panamericana dejaron como saldo un motociclista lesionado y da\u00f1os materiales en un hecho distinto que involucr\u00f3 a un bus del transporte colectivo. La Polic\u00eda Nacional Civil (PNC) realiz\u00f3 las inspecciones correspondientes en ambos lugares y confirm\u00f3 que el tr\u00e1fico ya fue restablecido.<\/p>\n\n\n\n<p>El primer percance se registr\u00f3 en el kil\u00f3metro 76 de la misma carretera, esta vez en el distrito de Chalchuapa, Santa Ana Oeste. En este hecho, un motociclista fue embestido por un cami\u00f3n que intentaba incorporarse a la v\u00eda principal. La v\u00edctima result\u00f3 con lesiones de consideraci\u00f3n y fue trasladada de inmediato a un centro asistencial por cuerpos de socorro. Seg\u00fan la PNC, el conductor del cami\u00f3n permaneci\u00f3 en el lugar y colabor\u00f3 con las autoridades durante la inspecci\u00f3n.<\/p>\n\n\n\n<p>Otro incidente ocurri\u00f3 en el kil\u00f3metro 22 de dicha v\u00eda, en las inmediaciones del cant\u00f3n La Loma, jurisdicci\u00f3n del distrito de San Pedro Perulap\u00e1n, en Cuscatl\u00e1n Norte. Seg\u00fan el reporte policial, un autob\u00fas de la ruta 142 fue impactado por un cami\u00f3n cuyo conductor no guard\u00f3 la distancia reglamentaria. <\/p>\n\n\n\n<figure class=\"wp-block-image size-large\"><img loading=\"lazy\" decoding=\"async\" width=\"994\" height=\"1024\" src=\"https:\/\/megavision.com.sv\/web\/wp-content\/uploads\/2025\/07\/image-19-994x1024.png\" alt=\"\" class=\"wp-image-95318\" srcset=\"https:\/\/megavision.com.sv\/web\/wp-content\/uploads\/2025\/07\/image-19-994x1024.png 994w, https:\/\/megavision.com.sv\/web\/wp-content\/uploads\/2025\/07\/image-19-291x300.png 291w, https:\/\/megavision.com.sv\/web\/wp-content\/uploads\/2025\/07\/image-19-768x791.png 768w, https:\/\/megavision.com.sv\/web\/wp-content\/uploads\/2025\/07\/image-19.png 1242w\" sizes=\"auto, (max-width: 994px) 100vw, 994px\" \/><\/figure>\n\n\n\n<p><em>Accidente de tr\u00e1nsito ocurrido en las inmediaciones del cant\u00f3n La Loma \/ Foto: PNC.<\/em><\/p>\n\n\n\n<p>La colisi\u00f3n gener\u00f3 complicaciones temporales en el tr\u00e1nsito, pero \u00fanicamente se reportaron da\u00f1os materiales. A pesar del fuerte impacto, no hubo personas lesionadas y las unidades policiales confirmaron que el paso vehicular qued\u00f3 habilitado en ambos sentidos tras concluir la inspecci\u00f3n.<\/p>\n\n\n\n<p>Las autoridades hicieron un llamado a los conductores a respetar las normas de tr\u00e1nsito, mantener la distancia de seguridad y estar atentos al entorno, para evitar este tipo de incidentes que, en muchos casos, pueden tener consecuencias fatales.<\/p>\n\n\n\n<p>Las investigaciones contin\u00faan y la Divisi\u00f3n de Tr\u00e1nsito Terrestre de la PNC ser\u00e1 la encargada de determinar las responsabilidades correspondientes en cada uno de los casos.<\/p>\n","protected":false},"excerpt":{"rendered":"<p>William Santos Dos accidentes de tr\u00e1nsito registrados esta ma\u00f1ana sobre la carretera Panamericana dejaron como saldo un motociclista lesionado y da\u00f1os materiales en un hecho&hellip; <\/p>\n","protected":false},"author":12,"featured_media":95317,"comment_status":"closed","ping_status":"closed","sticky":false,"template":"","format":"standard","meta":{"footnotes":""},"categories":[1,26],"tags":[7159,56],"class_list":["post-95316","post","type-post","status-publish","format-standard","has-post-thumbnail","hentry","category-destacados","category-noticias","tag-accidente-de-transito","tag-el-salvador"],"_links":{"self":[{"href":"https:\/\/megavision.com.sv\/web\/wp-json\/wp\/v2\/posts\/95316","targetHints":{"allow":["GET"]}}],"collection":[{"href":"https:\/\/megavision.com.sv\/web\/wp-json\/wp\/v2\/posts"}],"about":[{"href":"https:\/\/megavision.com.sv\/web\/wp-json\/wp\/v2\/types\/post"}],"author":[{"embeddable":true,"href":"https:\/\/megavision.com.sv\/web\/wp-json\/wp\/v2\/users\/12"}],"replies":[{"embeddable":true,"href":"https:\/\/megavision.com.sv\/web\/wp-json\/wp\/v2\/comments?post=95316"}],"version-history":[{"count":1,"href":"https:\/\/megavision.com.sv\/web\/wp-json\/wp\/v2\/posts\/95316\/revisions"}],"predecessor-version":[{"id":95319,"href":"https:\/\/megavision.com.sv\/web\/wp-json\/wp\/v2\/posts\/95316\/revisions\/95319"}],"wp:featuredmedia":[{"embeddable":true,"href":"https:\/\/megavision.com.sv\/web\/wp-json\/wp\/v2\/media\/95317"}],"wp:attachment":[{"href":"https:\/\/megavision.com.sv\/web\/wp-json\/wp\/v2\/media?parent=95316"}],"wp:term":[{"taxonomy":"category","embeddable":true,"href":"https:\/\/megavision.com.sv\/web\/wp-json\/wp\/v2\/categories?post=95316"},{"taxonomy":"post_tag","embeddable":true,"href":"https:\/\/megavision.com.sv\/web\/wp-json\/wp\/v2\/tags?post=95316"}],"curies":[{"name":"wp","href":"https:\/\/api.w.org\/{rel}","templated":true}]}}