{"id":95278,"date":"2025-07-23T11:16:21","date_gmt":"2025-07-23T17:16:21","guid":{"rendered":"https:\/\/megavision.com.sv\/web\/?p=95278"},"modified":"2025-07-23T11:16:21","modified_gmt":"2025-07-23T17:16:21","slug":"turismo-preve-ingreso-de-90-mil-extranjeros-y-60-millones-en-divisas-durante-fiestas-agostinas","status":"publish","type":"post","link":"https:\/\/megavision.com.sv\/web\/turismo-preve-ingreso-de-90-mil-extranjeros-y-60-millones-en-divisas-durante-fiestas-agostinas\/","title":{"rendered":"Turismo prev\u00e9 ingreso de 90 mil extranjeros y $60 millones en divisas durante fiestas agostinas"},"content":{"rendered":"\n<p>William Santos<\/p>\n\n\n\n<p>La ministra de Turismo, Morena Valdez, anunci\u00f3 que El Salvador proyecta la llegada de 90 mil extranjeros durante las vacaciones agostinas, lo que generar\u00eda aproximadamente 60 millones de d\u00f3lares en ingresos por divisas. <\/p>\n\n\n\n<blockquote class=\"twitter-tweet\" data-media-max-width=\"560\"><p lang=\"es\" dir=\"ltr\">La ministra de Turismo, Morena Valdez, indic\u00f3 que esperan la llegada de 90 mil extranjeros durante las vacaciones agostinas, lo cual generar\u00eda alrededor de 60 millones de d\u00f3lares en ingresos por divisas. Adem\u00e1s, comparti\u00f3 detalles sobre la oferta tur\u00edstica vigente.<br><br>V\u00eda: Hamilton\u2026 <a href=\"https:\/\/t.co\/5l72eEHm7h\">pic.twitter.com\/5l72eEHm7h<\/a><\/p>&mdash; Telenoticias Megavisi\u00f3n (@TelenoticiasGMV) <a href=\"https:\/\/twitter.com\/TelenoticiasGMV\/status\/1948063021776998422?ref_src=twsrc%5Etfw\">July 23, 2025<\/a><\/blockquote> <script async src=\"https:\/\/platform.twitter.com\/widgets.js\" charset=\"utf-8\"><\/script>\n\n\n\n<p>La funcionaria tambi\u00e9n detall\u00f3 parte de la oferta tur\u00edstica disponible y asegur\u00f3 que el pa\u00eds contin\u00faa destacando como uno de los destinos m\u00e1s visitados de la regi\u00f3n centroamericana, superando incluso a Guatemala y Honduras.<\/p>\n\n\n\n<blockquote class=\"twitter-tweet\" data-media-max-width=\"560\"><p lang=\"es\" dir=\"ltr\">La funcionaria afirma que el pa\u00eds contin\u00faa posicion\u00e1ndose como uno de los m\u00e1s visitados de la regi\u00f3n centroamericana, incluso por encima de Guatemala y Honduras. <a href=\"https:\/\/t.co\/2Y0TVjsX39\">pic.twitter.com\/2Y0TVjsX39<\/a><\/p>&mdash; Telenoticias Megavisi\u00f3n (@TelenoticiasGMV) <a href=\"https:\/\/twitter.com\/TelenoticiasGMV\/status\/1948065559842574460?ref_src=twsrc%5Etfw\">July 23, 2025<\/a><\/blockquote> <script async src=\"https:\/\/platform.twitter.com\/widgets.js\" charset=\"utf-8\"><\/script>\n\n\n\n<p>Durante una entrevista, Valdez present\u00f3 un balance del primer semestre de 2025, en el que se reportan 2 millones de visitantes internacionales. La cifra representa la mitad de la meta anual, que es de 4 millones de turistas.<\/p>\n\n\n\n<p>\u201cTodo el trabajo enfocado en potenciar el turismo est\u00e1 dando resultados. Adem\u00e1s, vemos una diversificaci\u00f3n en el perfil de los visitantes\u201d, asegur\u00f3. Entre los principales pa\u00edses de origen mencion\u00f3 a Guatemala, Honduras, naciones de Europa, Am\u00e9rica del Sur y algunos pa\u00edses asi\u00e1ticos.<\/p>\n\n\n\n<p>Las autoridades prev\u00e9n que la temporada agostina contin\u00fae posicionando al pa\u00eds como un referente en la regi\u00f3n, gracias a su variada oferta de destinos, actividades culturales y servicios tur\u00edsticos en crecimiento.<\/p>\n","protected":false},"excerpt":{"rendered":"<p>William Santos La ministra de Turismo, Morena Valdez, anunci\u00f3 que El Salvador proyecta la llegada de 90 mil extranjeros durante las vacaciones agostinas, lo que&hellip; <\/p>\n","protected":false},"author":12,"featured_media":95279,"comment_status":"closed","ping_status":"closed","sticky":false,"template":"","format":"standard","meta":{"footnotes":""},"categories":[1,26],"tags":[56,8709,87],"class_list":["post-95278","post","type-post","status-publish","format-standard","has-post-thumbnail","hentry","category-destacados","category-noticias","tag-el-salvador","tag-fiestas-agostinas","tag-turismo"],"_links":{"self":[{"href":"https:\/\/megavision.com.sv\/web\/wp-json\/wp\/v2\/posts\/95278","targetHints":{"allow":["GET"]}}],"collection":[{"href":"https:\/\/megavision.com.sv\/web\/wp-json\/wp\/v2\/posts"}],"about":[{"href":"https:\/\/megavision.com.sv\/web\/wp-json\/wp\/v2\/types\/post"}],"author":[{"embeddable":true,"href":"https:\/\/megavision.com.sv\/web\/wp-json\/wp\/v2\/users\/12"}],"replies":[{"embeddable":true,"href":"https:\/\/megavision.com.sv\/web\/wp-json\/wp\/v2\/comments?post=95278"}],"version-history":[{"count":1,"href":"https:\/\/megavision.com.sv\/web\/wp-json\/wp\/v2\/posts\/95278\/revisions"}],"predecessor-version":[{"id":95280,"href":"https:\/\/megavision.com.sv\/web\/wp-json\/wp\/v2\/posts\/95278\/revisions\/95280"}],"wp:featuredmedia":[{"embeddable":true,"href":"https:\/\/megavision.com.sv\/web\/wp-json\/wp\/v2\/media\/95279"}],"wp:attachment":[{"href":"https:\/\/megavision.com.sv\/web\/wp-json\/wp\/v2\/media?parent=95278"}],"wp:term":[{"taxonomy":"category","embeddable":true,"href":"https:\/\/megavision.com.sv\/web\/wp-json\/wp\/v2\/categories?post=95278"},{"taxonomy":"post_tag","embeddable":true,"href":"https:\/\/megavision.com.sv\/web\/wp-json\/wp\/v2\/tags?post=95278"}],"curies":[{"name":"wp","href":"https:\/\/api.w.org\/{rel}","templated":true}]}}