{"id":95086,"date":"2025-07-10T12:35:06","date_gmt":"2025-07-10T18:35:06","guid":{"rendered":"https:\/\/megavision.com.sv\/web\/?p=95086"},"modified":"2025-07-10T12:44:43","modified_gmt":"2025-07-10T18:44:43","slug":"becas-de-ingles-beneficiaran-a-jovenes-afirma-presidente-ad-honorem-de-integracion","status":"publish","type":"post","link":"https:\/\/megavision.com.sv\/web\/becas-de-ingles-beneficiaran-a-jovenes-afirma-presidente-ad-honorem-de-integracion\/","title":{"rendered":"Becas de ingl\u00e9s beneficiar\u00e1n a j\u00f3venes, afirma presidente ad honorem de Integraci\u00f3n"},"content":{"rendered":"\n<p>Por: Sara\u00ed Escobar<\/p>\n\n\n\n<p>La Direcci\u00f3n de Integraci\u00f3n, encabezada por Alejandro Gutman, lanzar\u00e1 un programa piloto que permitir\u00e1 a estudiantes universitarios recibir clases de ingl\u00e9s de forma continua durante toda su carrera. Con una carga semanal de cinco horas, esta iniciativa busca fortalecer las competencias ling\u00fc\u00edsticas de los j\u00f3venes salvadore\u00f1os como parte esencial de su formaci\u00f3n profesional.<\/p>\n\n\n\n<blockquote class=\"twitter-tweet\" data-media-max-width=\"560\"><p lang=\"es\" dir=\"ltr\"><a href=\"https:\/\/twitter.com\/hashtag\/Di%C3%A1logo21?src=hash&amp;ref_src=twsrc%5Etfw\">#Di\u00e1logo21<\/a> | El presidente de la Direcci\u00f3n de Integraci\u00f3n, Alejandro Gutman, anunci\u00f3 que se lanz\u00f3 un programa piloto para que estudiantes universitarios reciban cinco horas semanales de clases de ingl\u00e9s durante toda su carrera. <a href=\"https:\/\/t.co\/nALlBzLNMu\">pic.twitter.com\/nALlBzLNMu<\/a><\/p>&mdash; Di\u00e1logo &#8211; GMV (@dialogo21) <a href=\"https:\/\/twitter.com\/dialogo21\/status\/1943307626659385592?ref_src=twsrc%5Etfw\">July 10, 2025<\/a><\/blockquote> <script async src=\"https:\/\/platform.twitter.com\/widgets.js\" charset=\"utf-8\"><\/script>\n\n\n\n<p>El programa forma parte del plan nacional de acceso a la educaci\u00f3n superior que ya ha beneficiado a m\u00e1s de 6,000 j\u00f3venes y que actualmente se ampl\u00eda con el respaldo de al menos 25 universidades. Gutman destac\u00f3 que, a diferencia de a\u00f1os anteriores, cuando solo un reducido grupo de estudiantes pod\u00eda aspirar a una carrera universitaria, hoy todos los j\u00f3venes que finalizan el bachillerato t\u00e9cnico o general tienen la oportunidad de continuar sus estudios.<\/p>\n\n\n\n<blockquote class=\"twitter-tweet\" data-media-max-width=\"560\"><p lang=\"es\" dir=\"ltr\"><a href=\"https:\/\/twitter.com\/hashtag\/Di%C3%A1logo21?src=hash&amp;ref_src=twsrc%5Etfw\">#Di\u00e1logo21<\/a> | Alejandro Gutman, presidente de la Direcci\u00f3n de Integraci\u00f3n, se\u00f1al\u00f3 que antes solo un peque\u00f1o porcentaje de j\u00f3venes acced\u00eda a la educaci\u00f3n superior, pero ahora todos tienen oportunidades de estudio. <a href=\"https:\/\/t.co\/bYYtwxzrDA\">pic.twitter.com\/bYYtwxzrDA<\/a><\/p>&mdash; Di\u00e1logo &#8211; GMV (@dialogo21) <a href=\"https:\/\/twitter.com\/dialogo21\/status\/1943329497731715335?ref_src=twsrc%5Etfw\">July 10, 2025<\/a><\/blockquote> <script async src=\"https:\/\/platform.twitter.com\/widgets.js\" charset=\"utf-8\"><\/script>\n\n\n\n<p>Adem\u00e1s del ingl\u00e9s, los beneficiarios recibir\u00e1n formaci\u00f3n tecnol\u00f3gica mediante una alianza con la Secretar\u00eda de Innovaci\u00f3n. Este componente busca asegurar que todos los estudiantes, independientemente de su \u00e1rea acad\u00e9mica, adquieran habilidades digitales adaptadas a las demandas actuales del mercado laboral.<\/p>\n\n\n\n<p>Para Gutman, este esfuerzo representa una transformaci\u00f3n cultural y educativa sin precedentes. Considera que se trata de una de las pol\u00edticas p\u00fablicas m\u00e1s relevantes del actual gobierno, solo por detr\u00e1s del proceso de pacificaci\u00f3n y seguridad, debido al impacto estrat\u00e9gico que tendr\u00e1 en el desarrollo social y econ\u00f3mico del pa\u00eds.<\/p>\n\n\n\n<figure class=\"wp-block-embed is-type-rich is-provider-twitter wp-block-embed-twitter\"><div class=\"wp-block-embed__wrapper\">\n<blockquote class=\"twitter-tweet\" data-width=\"550\" data-dnt=\"true\"><p lang=\"es\" dir=\"ltr\"><a href=\"https:\/\/twitter.com\/hashtag\/Di%C3%A1logo21?src=hash&amp;ref_src=twsrc%5Etfw\">#Di\u00e1logo21<\/a> | &quot;Es la segunda pol\u00edtica m\u00e1s importante que est\u00e1 implementando el presidente Bukele despu\u00e9s de la etapa de pacificaci\u00f3n y seguridad. Para m\u00ed, todo ese cambio estrat\u00e9gico de que todos los j\u00f3venes puedan continuar sus estudios superiores es un cambio tremendo&quot;, expres\u00f3\u2026 <a href=\"https:\/\/t.co\/iANtYbZ1zt\">pic.twitter.com\/iANtYbZ1zt<\/a><\/p>&mdash; Di\u00e1logo &#8211; GMV (@dialogo21) <a href=\"https:\/\/twitter.com\/dialogo21\/status\/1943308937924591840?ref_src=twsrc%5Etfw\">July 10, 2025<\/a><\/blockquote><script async src=\"https:\/\/platform.twitter.com\/widgets.js\" charset=\"utf-8\"><\/script>\n<\/div><\/figure>\n\n\n\n<p>El funcionario tambi\u00e9n subray\u00f3 que el verdadero cambio no solo ocurre en las aulas, sino en el fortalecimiento del tejido social. A trav\u00e9s de una mayor participaci\u00f3n de las universidades, el Estado, las familias y las comunidades, se busca construir una nueva realidad donde la juventud salvadore\u00f1a no solo estudie, sino que tambi\u00e9n sue\u00f1e y proyecte un futuro con mayores posibilidades.<\/p>\n","protected":false},"excerpt":{"rendered":"<p>Por: Sara\u00ed Escobar La Direcci\u00f3n de Integraci\u00f3n, encabezada por Alejandro Gutman, lanzar\u00e1 un programa piloto que permitir\u00e1 a estudiantes universitarios recibir clases de ingl\u00e9s de&hellip; <\/p>\n","protected":false},"author":5,"featured_media":95087,"comment_status":"closed","ping_status":"closed","sticky":false,"template":"","format":"standard","meta":{"footnotes":""},"categories":[1,27],"tags":[],"class_list":["post-95086","post","type-post","status-publish","format-standard","has-post-thumbnail","hentry","category-destacados","category-entrevista"],"_links":{"self":[{"href":"https:\/\/megavision.com.sv\/web\/wp-json\/wp\/v2\/posts\/95086","targetHints":{"allow":["GET"]}}],"collection":[{"href":"https:\/\/megavision.com.sv\/web\/wp-json\/wp\/v2\/posts"}],"about":[{"href":"https:\/\/megavision.com.sv\/web\/wp-json\/wp\/v2\/types\/post"}],"author":[{"embeddable":true,"href":"https:\/\/megavision.com.sv\/web\/wp-json\/wp\/v2\/users\/5"}],"replies":[{"embeddable":true,"href":"https:\/\/megavision.com.sv\/web\/wp-json\/wp\/v2\/comments?post=95086"}],"version-history":[{"count":2,"href":"https:\/\/megavision.com.sv\/web\/wp-json\/wp\/v2\/posts\/95086\/revisions"}],"predecessor-version":[{"id":95089,"href":"https:\/\/megavision.com.sv\/web\/wp-json\/wp\/v2\/posts\/95086\/revisions\/95089"}],"wp:featuredmedia":[{"embeddable":true,"href":"https:\/\/megavision.com.sv\/web\/wp-json\/wp\/v2\/media\/95087"}],"wp:attachment":[{"href":"https:\/\/megavision.com.sv\/web\/wp-json\/wp\/v2\/media?parent=95086"}],"wp:term":[{"taxonomy":"category","embeddable":true,"href":"https:\/\/megavision.com.sv\/web\/wp-json\/wp\/v2\/categories?post=95086"},{"taxonomy":"post_tag","embeddable":true,"href":"https:\/\/megavision.com.sv\/web\/wp-json\/wp\/v2\/tags?post=95086"}],"curies":[{"name":"wp","href":"https:\/\/api.w.org\/{rel}","templated":true}]}}