{"id":94177,"date":"2025-05-13T11:40:38","date_gmt":"2025-05-13T17:40:38","guid":{"rendered":"https:\/\/megavision.com.sv\/web\/?p=94177"},"modified":"2025-05-13T11:40:40","modified_gmt":"2025-05-13T17:40:40","slug":"ee-uu-incluye-a-cuba-en-lista-de-paises-que-no-cooperan-contra-el-terrorismo","status":"publish","type":"post","link":"https:\/\/megavision.com.sv\/web\/ee-uu-incluye-a-cuba-en-lista-de-paises-que-no-cooperan-contra-el-terrorismo\/","title":{"rendered":"EE.UU. incluye a Cuba en lista de pa\u00edses que no cooperan contra el terrorismo"},"content":{"rendered":"\n<p>AFP<\/p>\n\n\n\n<p>Estados Unidos incluy\u00f3 de nuevo a Cuba y mantuvo a Venezuela en el grupo de pa\u00edses que no cooperan plenamente en su lucha antiterrorista, inform\u00f3 este martes el Departamento de Estado.<\/p>\n\n\n\n<p>Donald Trump ha aumentado la presi\u00f3n sobre la Isla desde que volvi\u00f3 a la Casa Blanca para un segundo mandato.<\/p>\n\n\n\n<p>El 20 de enero, d\u00eda de su investidura, Trump ya revoc\u00f3 la decisi\u00f3n de su predecesor, el dem\u00f3crata Joe Biden, de retirar a Cuba de otra lista negra, la de pa\u00edses patrocinadores del terrorismo.<\/p>\n\n\n\n<p>Ahora el jefe de la diplomacia, Marco Rubio, hijo de cubanos que emigraron a Estados Unidos antes de que Fidel Castro llegara al poder en Cuba, aprieta a\u00fan m\u00e1s las tuercas. &nbsp;<\/p>\n\n\n\n<p>&#8220;En 2024, el r\u00e9gimen cubano no cooper\u00f3 plenamente con Estados Unidos en materia antiterrorista&#8221;, afirma la portavoz del Departamento de Estado, Tammy Bruce, en un comunicado que precisa que otros cuatro pa\u00edses -Venezuela, Corea del Norte, Ir\u00e1n y Siria- permanecen en la lista.<\/p>\n\n\n\n<p>&#8220;Hab\u00eda al menos 11 fugitivos de la justicia estadounidense en Cuba, incluidos varios que enfrentaban cargos relacionados con el terrorismo, y el r\u00e9gimen cubano dej\u00f3 claro que no estaba dispuesto a negociar su regreso para que comparecieran ante la justicia en nuestro pa\u00eds&#8221;, a\u00f1ade Bruce.<\/p>\n\n\n\n<p>Su inclusi\u00f3n en la lista de &#8220;pa\u00eds no cooperante plenamente&#8221; (NFCC, por sus siglas en ingl\u00e9s) &#8220;implica la prohibici\u00f3n de la venta o la concesi\u00f3n de licencias para la exportaci\u00f3n de art\u00edculos y servicios de defensa a Cuba&#8221;.&nbsp;<\/p>\n\n\n\n<p>Durante m\u00e1s de seis d\u00e9cadas, Washington ha impuesto a Cuba un embargo comercial.<\/p>\n\n\n\n<p>Trump lo endureci\u00f3 durante su primer mandato (2017-2021), como nunca antes, con varias medidas y volvi\u00f3 a incluir a la isla en su lista negra de patrocinadores del terrorismo, una medida que obstaculiza las transacciones y las inversiones porque las empresas se exponen a sanciones estadounidenses.<\/p>\n\n\n\n<p>Antes de llegar al poder en 2021, Biden prometi\u00f3 cambios respecto a Cuba pero los fue aplazando tras la represi\u00f3n de las manifestaciones antigubernamentales de julio de 2021 en la isla, que se saldaron con un muerto y decenas de heridos. Justo antes de dejar el poder aliger\u00f3 las sanciones para facilitar la liberaci\u00f3n de cientos de presos pol\u00edticos en Cuba.<\/p>\n\n\n\n<p>Trump volvi\u00f3 a apretar las clavijas a su regreso a la Casa Blanca .<\/p>\n\n\n\n<p>El representante de Estados Unidos, Mike Hammer, nombrado durante el mandato de Biden, recorre la isla para conocer de primera mano la situaci\u00f3n de disidentes, en encuentros que exasperan al gobierno cubano.<\/p>\n\n\n\n<p>Cuba niega la existencia de presos pol\u00edticos y acusa a los opositores de ser &#8220;mercenarios&#8221; de Estados Unidos.<\/p>\n\n\n\n<p>La isla atraviesa una grave crisis que empuj\u00f3 a cientos de miles de personas a emigrar a Estados Unidos en los \u00faltimos tres a\u00f1os, tanto de forma irregular como legal, seg\u00fan datos oficiales.&nbsp;<\/p>\n","protected":false},"excerpt":{"rendered":"<p>AFP Estados Unidos incluy\u00f3 de nuevo a Cuba y mantuvo a Venezuela en el grupo de pa\u00edses que no cooperan plenamente en su lucha antiterrorista,&hellip; <\/p>\n","protected":false},"author":5,"featured_media":94178,"comment_status":"closed","ping_status":"closed","sticky":false,"template":"","format":"standard","meta":{"footnotes":""},"categories":[1,26],"tags":[1134],"class_list":["post-94177","post","type-post","status-publish","format-standard","has-post-thumbnail","hentry","category-destacados","category-noticias","tag-cuba"],"_links":{"self":[{"href":"https:\/\/megavision.com.sv\/web\/wp-json\/wp\/v2\/posts\/94177","targetHints":{"allow":["GET"]}}],"collection":[{"href":"https:\/\/megavision.com.sv\/web\/wp-json\/wp\/v2\/posts"}],"about":[{"href":"https:\/\/megavision.com.sv\/web\/wp-json\/wp\/v2\/types\/post"}],"author":[{"embeddable":true,"href":"https:\/\/megavision.com.sv\/web\/wp-json\/wp\/v2\/users\/5"}],"replies":[{"embeddable":true,"href":"https:\/\/megavision.com.sv\/web\/wp-json\/wp\/v2\/comments?post=94177"}],"version-history":[{"count":1,"href":"https:\/\/megavision.com.sv\/web\/wp-json\/wp\/v2\/posts\/94177\/revisions"}],"predecessor-version":[{"id":94179,"href":"https:\/\/megavision.com.sv\/web\/wp-json\/wp\/v2\/posts\/94177\/revisions\/94179"}],"wp:featuredmedia":[{"embeddable":true,"href":"https:\/\/megavision.com.sv\/web\/wp-json\/wp\/v2\/media\/94178"}],"wp:attachment":[{"href":"https:\/\/megavision.com.sv\/web\/wp-json\/wp\/v2\/media?parent=94177"}],"wp:term":[{"taxonomy":"category","embeddable":true,"href":"https:\/\/megavision.com.sv\/web\/wp-json\/wp\/v2\/categories?post=94177"},{"taxonomy":"post_tag","embeddable":true,"href":"https:\/\/megavision.com.sv\/web\/wp-json\/wp\/v2\/tags?post=94177"}],"curies":[{"name":"wp","href":"https:\/\/api.w.org\/{rel}","templated":true}]}}