{"id":94121,"date":"2025-05-09T10:37:10","date_gmt":"2025-05-09T16:37:10","guid":{"rendered":"https:\/\/megavision.com.sv\/web\/?p=94121"},"modified":"2025-05-09T10:42:12","modified_gmt":"2025-05-09T16:42:12","slug":"xabi-alonso-se-despide-del-leverkusen-con-el-real-madrid-en-el-horizonte","status":"publish","type":"post","link":"https:\/\/megavision.com.sv\/web\/xabi-alonso-se-despide-del-leverkusen-con-el-real-madrid-en-el-horizonte\/","title":{"rendered":"Xabi Alonso se despide del Leverkusen con el Real Madrid en el horizonte"},"content":{"rendered":"\n<p>AFP<\/p>\n\n\n\n<p>Cerrado un cap\u00edtulo, se abre el siguiente: el entrenador espa\u00f1ol Xabi Alonso pone punto y final a su aventura en el Bayer Leverkusen al final de la presente temporada, abriendo las puertas a su llegada al Real Madrid.<\/p>\n\n\n\n<p>Luego de varias semanas retrasando por su propia voluntad el momento de hacer el anuncio, el t\u00e9cnico vasco comparti\u00f3 finalmente su decisi\u00f3n este viernes. &#8220;Estos dos partidos (contra Borussia Dortmund y Maguncia) ser\u00e1n mis dos \u00faltimos como entrenador del Bayer Leverkusen&#8221;, explic\u00f3 en ingl\u00e9s, pese a dominar el alem\u00e1n.<\/p>\n\n\n\n<p>Su contrato con el &#8216;Werkself&#8217; (once de la f\u00e1brica, apodo del Leverkusen) llegaba hasta el 30 de junio de 2026, pero Xabi Alonso ha decidido ponerle fin un a\u00f1o antes, tras haber llegado al banquillo del BayArena en septiembre de 2022.<\/p>\n\n\n\n<p>En marzo, en la vuelta del par\u00f3n internacional, pospuso por primera vez cualquier decisi\u00f3n, explicando entonces que no hab\u00eda nada que anunciar. Desde entonces ha ido repitiendo esa f\u00f3rmula en sus ruedas de prensa, argumentando que no era buen momento para hablar del futuro.<\/p>\n\n\n\n<p>Despu\u00e9s de haber compartido su decisi\u00f3n con sus jugadores el viernes, durante el entrenamiento previo al partido de la 33\u00aa jornada de Bundesliga contra el Borussia Dortmund (domingo 13h30 GMT), la hizo p\u00fablica en la rueda de prensa.<\/p>\n\n\n\n<p>El anuncio significa que podr\u00e1 despedirse de los aficionados del Leverkusen el domingo, antes del final de temporada la pr\u00f3xima semana en Maguncia. Despu\u00e9s, llegar\u00e1 el momento de hacer las maletas, con un m\u00e1s que posible fichaje por el Real Madrid.<\/p>\n\n\n\n<p>Aunque el viernes no quiso hablar de su futuro, el diario espa\u00f1ol Marca anunci\u00f3 que el italiano Carlo Ancelotti dejar\u00e1 el banquillo blanco a final de temporada, una vacante que parece prometida para las pr\u00f3ximas tres temporadas al vasco de 43 a\u00f1os.<\/p>\n\n\n\n<h2 class=\"wp-block-heading\">&#8211; Un primer cap\u00edtulo dorado &#8211;<\/h2>\n\n\n\n<p>El canterano de la Real Sociedad debut\u00f3 con el club donostiarra (2000-2004) antes de jugar en gigantes europeos como Liverpool (2004-2009), Real Madrid (2009-2014) y Bayern M\u00fanich (2014-2017).<\/p>\n\n\n\n<p>Campe\u00f3n dell mundo (2010) y doble campe\u00f3n de Europa (2008, 2012) con la selecci\u00f3n espa\u00f1ola, tambi\u00e9n toc\u00f3 techo a nivel de clubes con dos Ligas de Campeones, una con el Liverpool (2005) y otra con el Real Madrid (2014). Un palmar\u00e9s exquisito como jugador al que se le a\u00f1aden numerosos t\u00edtulos nacionales.<\/p>\n\n\n\n<p>Ya como t\u00e9cnico, en el momento de su llegada al club de la periferia de Colonia su curr\u00edculum en los banquillos era escaso: tras colgar las botas, entren\u00f3 a las categor\u00edas juveniles del Real Madrid y despu\u00e9s al equipo reserva de la Real Sociedad (2019-2022).<\/p>\n\n\n\n<p>En el momento de asumir las riendas del Leverkusen, en septiembre de 2022, el equipo ocupaba la 17\u00aa posici\u00f3n, en puestos de descenso, pero Alonso llev\u00f3 al club a clasificar a Europa League (6\u00ba). Este fue su primer mialgro en Alemania.<\/p>\n\n\n\n<p>En su primera temporada completa, la 2023-2024, logr\u00f3 el primer campeonato del Leverkusen en 120 a\u00f1os de historia, sin conceder ni una sola derrota en los 34 partidos de Bundesliga (28 victorias y 6 empates). Tambi\u00e9n gan\u00f3 la Copa de Alemania, y su \u00fanica derrota en toda la temporada lleg\u00f3 en la final de la Europa League (3-0 contra Atalanta).<\/p>\n\n\n\n<p>&#8220;Una temporada de ensue\u00f1o de la que quiz\u00e1s nos acordaremos en 20 a\u00f1os&#8221;, record\u00f3 este viernes.<\/p>\n\n\n\n<p>Su rendimiento no pas\u00f3 desapercibido, y en 2024 ya provoc\u00f3 el inter\u00e9s de Liverpool y Bayern M\u00fanich para ocupar los huecos de Jurgen Klopp y Thomas Tuchel.<\/p>\n\n\n\n<p>Tras quedarse, esta temporada ha mantenido el pulso al Bayern M\u00fanich en la lucha por la Bundesliga, aunque un empate contra el gigante b\u00e1varo a mediados de febrero (0-0) impidi\u00f3 al &#8216;Werkself&#8217; pelear el t\u00edtulo en la recta final.&nbsp;<\/p>\n\n\n\n<p>El Bayern fue tambi\u00e9n su verdugo en octavos de final de Liga de Campeones (5-0 en el total ida\/vuelta), mientras que en Copa de Alemania cay\u00f3 eliminado en semifinales por el modesto Arminia Bielefeld, de 3\u00aa divisi\u00f3n.<\/p>\n\n\n\n<p>Una etapa que llega a su fin, pero que dispara la expectaci\u00f3n para su futuro club.<\/p>\n","protected":false},"excerpt":{"rendered":"<p>AFP Cerrado un cap\u00edtulo, se abre el siguiente: el entrenador espa\u00f1ol Xabi Alonso pone punto y final a su aventura en el Bayer Leverkusen al&hellip; <\/p>\n","protected":false},"author":5,"featured_media":94122,"comment_status":"closed","ping_status":"closed","sticky":false,"template":"","format":"standard","meta":{"footnotes":""},"categories":[30,1],"tags":[1226,6587],"class_list":["post-94121","post","type-post","status-publish","format-standard","has-post-thumbnail","hentry","category-deportes","category-destacados","tag-real-madrid","tag-xabi-alonso"],"_links":{"self":[{"href":"https:\/\/megavision.com.sv\/web\/wp-json\/wp\/v2\/posts\/94121","targetHints":{"allow":["GET"]}}],"collection":[{"href":"https:\/\/megavision.com.sv\/web\/wp-json\/wp\/v2\/posts"}],"about":[{"href":"https:\/\/megavision.com.sv\/web\/wp-json\/wp\/v2\/types\/post"}],"author":[{"embeddable":true,"href":"https:\/\/megavision.com.sv\/web\/wp-json\/wp\/v2\/users\/5"}],"replies":[{"embeddable":true,"href":"https:\/\/megavision.com.sv\/web\/wp-json\/wp\/v2\/comments?post=94121"}],"version-history":[{"count":1,"href":"https:\/\/megavision.com.sv\/web\/wp-json\/wp\/v2\/posts\/94121\/revisions"}],"predecessor-version":[{"id":94123,"href":"https:\/\/megavision.com.sv\/web\/wp-json\/wp\/v2\/posts\/94121\/revisions\/94123"}],"wp:featuredmedia":[{"embeddable":true,"href":"https:\/\/megavision.com.sv\/web\/wp-json\/wp\/v2\/media\/94122"}],"wp:attachment":[{"href":"https:\/\/megavision.com.sv\/web\/wp-json\/wp\/v2\/media?parent=94121"}],"wp:term":[{"taxonomy":"category","embeddable":true,"href":"https:\/\/megavision.com.sv\/web\/wp-json\/wp\/v2\/categories?post=94121"},{"taxonomy":"post_tag","embeddable":true,"href":"https:\/\/megavision.com.sv\/web\/wp-json\/wp\/v2\/tags?post=94121"}],"curies":[{"name":"wp","href":"https:\/\/api.w.org\/{rel}","templated":true}]}}