{"id":92823,"date":"2025-02-21T17:55:04","date_gmt":"2025-02-21T23:55:04","guid":{"rendered":"https:\/\/megavision.com.sv\/web\/?p=92823"},"modified":"2025-02-21T17:55:07","modified_gmt":"2025-02-21T23:55:07","slug":"altas-temperaturas-persistiran-en-el-salvador-pese-a-vientos-nortes","status":"publish","type":"post","link":"https:\/\/megavision.com.sv\/web\/altas-temperaturas-persistiran-en-el-salvador-pese-a-vientos-nortes\/","title":{"rendered":"Altas temperaturas persistir\u00e1n en El Salvador pese a vientos nortes"},"content":{"rendered":"\n<p><strong><em>Luis G\u00f3mez<\/em><\/strong><\/p>\n\n\n\n<p>El Ministerio de Medio Ambiente y Recursos Naturales (MARN) inform\u00f3 que, a pesar de la presencia de Vientos Nortes, las altas temperaturas continuar\u00e1n afectando a El Salvador este viernes, con m\u00e1ximas de hasta 38 grados Celsius en algunas zonas del pa\u00eds.<\/p>\n\n\n\n<p>Durante la ma\u00f1ana, el cielo estar\u00e1 poco nublado, mientras que por la tarde aumentar\u00e1 la nubosidad con posibilidad de lluvias puntuales en las cordilleras del centro y occidente. Para la noche, las precipitaciones podr\u00edan concentrarse en la zona paracentral y oriental, con un ambiente m\u00e1s fresco que se extender\u00e1 hasta la madrugada del s\u00e1bado.<\/p>\n\n\n\n<p>Adem\u00e1s del calor, el MARN indic\u00f3 que los Vientos Nortes tendr\u00e1n velocidades entre 10 y 25 km\/h, con r\u00e1fagas ocasionales de 40 a 60 km\/h, especialmente en zonas altas y descampadas.<\/p>\n\n\n\n<p>Las autoridades recomiendan a la poblaci\u00f3n tomar precauciones ante el clima c\u00e1lido y los fuertes vientos, mantenerse hidratados y evitar la quema de maleza, ya que las condiciones podr\u00edan propiciar incendios.<\/p>\n","protected":false},"excerpt":{"rendered":"<p>Luis G\u00f3mez El Ministerio de Medio Ambiente y Recursos Naturales (MARN) inform\u00f3 que, a pesar de la presencia de Vientos Nortes, las altas temperaturas continuar\u00e1n&hellip; <\/p>\n","protected":false},"author":5,"featured_media":92824,"comment_status":"closed","ping_status":"closed","sticky":false,"template":"","format":"standard","meta":{"footnotes":""},"categories":[1,26],"tags":[432,56,1920],"class_list":["post-92823","post","type-post","status-publish","format-standard","has-post-thumbnail","hentry","category-destacados","category-noticias","tag-clima","tag-el-salvador","tag-nacionales"],"_links":{"self":[{"href":"https:\/\/megavision.com.sv\/web\/wp-json\/wp\/v2\/posts\/92823","targetHints":{"allow":["GET"]}}],"collection":[{"href":"https:\/\/megavision.com.sv\/web\/wp-json\/wp\/v2\/posts"}],"about":[{"href":"https:\/\/megavision.com.sv\/web\/wp-json\/wp\/v2\/types\/post"}],"author":[{"embeddable":true,"href":"https:\/\/megavision.com.sv\/web\/wp-json\/wp\/v2\/users\/5"}],"replies":[{"embeddable":true,"href":"https:\/\/megavision.com.sv\/web\/wp-json\/wp\/v2\/comments?post=92823"}],"version-history":[{"count":1,"href":"https:\/\/megavision.com.sv\/web\/wp-json\/wp\/v2\/posts\/92823\/revisions"}],"predecessor-version":[{"id":92825,"href":"https:\/\/megavision.com.sv\/web\/wp-json\/wp\/v2\/posts\/92823\/revisions\/92825"}],"wp:featuredmedia":[{"embeddable":true,"href":"https:\/\/megavision.com.sv\/web\/wp-json\/wp\/v2\/media\/92824"}],"wp:attachment":[{"href":"https:\/\/megavision.com.sv\/web\/wp-json\/wp\/v2\/media?parent=92823"}],"wp:term":[{"taxonomy":"category","embeddable":true,"href":"https:\/\/megavision.com.sv\/web\/wp-json\/wp\/v2\/categories?post=92823"},{"taxonomy":"post_tag","embeddable":true,"href":"https:\/\/megavision.com.sv\/web\/wp-json\/wp\/v2\/tags?post=92823"}],"curies":[{"name":"wp","href":"https:\/\/api.w.org\/{rel}","templated":true}]}}