{"id":92306,"date":"2025-02-05T10:34:41","date_gmt":"2025-02-05T16:34:41","guid":{"rendered":"https:\/\/megavision.com.sv\/web\/?p=92306"},"modified":"2025-02-05T10:34:43","modified_gmt":"2025-02-05T16:34:43","slug":"argentina-se-retira-de-la-organizacion-mundial-de-la-salud","status":"publish","type":"post","link":"https:\/\/megavision.com.sv\/web\/argentina-se-retira-de-la-organizacion-mundial-de-la-salud\/","title":{"rendered":"Argentina se retira de la Organizaci\u00f3n Mundial de la Salud"},"content":{"rendered":"\n<p>AFP<\/p>\n\n\n\n<p>El presidente Javier&nbsp;<strong>Milei<\/strong>&nbsp;retirar\u00e1 a Argentina de la Organizaci\u00f3n Mundial de la Salud (OMS) por &#8220;profundas diferencias respecto a la gesti\u00f3n sanitaria&#8221;, anunci\u00f3 este mi\u00e9rcoles el portavoz presidencial, Manuel Adorni en conferencia de prensa.<\/p>\n\n\n\n<p>La decisi\u00f3n &#8220;se sustenta en las profundas diferencias respecto a la gesti\u00f3n sanitaria, especialmente en la pandemia&#8221;, de covid-19, agreg\u00f3 el portavoz. &#8220;Los argentinos no vamos a permitir que un organismo internacional intervenga en nuestra soberan\u00eda, mucho menos en nuestra salud&#8221;, enfatiz\u00f3.<\/p>\n\n\n\n<p>El portavoz explic\u00f3 que esta medida &#8220;le da al pa\u00eds mayor flexibilidad para implementar pol\u00edticas adaptadas al contexto de intereses que requiere la Argentina as\u00ed como tambi\u00e9n mayor disponibilidad de los recursos y reafirma nuestro camino hacia un pa\u00eds con soberan\u00eda en materia de salud&#8221;.<\/p>\n\n\n\n<p>La decisi\u00f3n del gobierno argentino se alinea con el decreto firmado por el presidente Donald Trump para que Estados Unidos abandone la OMS.<\/p>\n\n\n\n<p>Al igual que Trump,&nbsp;<strong>Milei<\/strong>&nbsp;tambi\u00e9n ha criticado la actuaci\u00f3n de la OMS durante la pandemia de coronavirus.<\/p>\n\n\n\n<p>Este mi\u00e9rcoles el portavoz presidencial sostuvo que la gesti\u00f3n sanitaria del organismo internacional durante la pandemia &#8220;junto al gobierno de Alberto Fern\u00e1ndez nos llevaron al encierro m\u00e1s largo de la historia de la humanidad y a la falta de independencia frente a la influencia pol\u00edtica de algunos Estados&#8221;.<\/p>\n\n\n\n<p>Adorni aclar\u00f3 que Argentina &#8220;no recibe financiamiento por parte de la OMS por lo tanto esta medida no representa p\u00e9rdida de fondos para el pa\u00eds&#8221;.<\/p>\n\n\n\n<p>El funcionario no precis\u00f3 el financiamiento anual que el pa\u00eds gira al organismo y que informes de prensa cifraron en 10 millones de d\u00f3lares al a\u00f1o.<\/p>\n\n\n\n<p>En junio pasado Argentina rechaz\u00f3 sumarse a un nuevo protocolo sobre pandemias que impuls\u00f3 la OMS y dej\u00f3 ver su intenci\u00f3n en avanzar en la direcci\u00f3n de retirarse del organismo.<\/p>\n\n\n\n<p>&#8220;Nuestro pa\u00eds no suscribir\u00e1 ning\u00fan acuerdo pand\u00e9mico que pueda afectar la soberan\u00eda nacional&#8221;, hab\u00eda dicho Adorni entonces.<\/p>\n\n\n\n<h2 class=\"wp-block-heading\">&#8211; &#8220;Cuarentenas eternas&#8221; &#8211;<\/h2>\n\n\n\n<p>Tras la conferencia, un comunicado de la Oficina del Presidente ahond\u00f3 en las razones de la decisi\u00f3n argentina.<\/p>\n\n\n\n<p>Seg\u00fan su lectura la OMS &#8220;fall\u00f3 en su mayor prueba de fuego: promovi\u00f3 cuarentenas eternas sin sustento cient\u00edfico cuando le toc\u00f3 combatir la pandema de Covid-19&#8221;.<\/p>\n\n\n\n<p>&#8220;Las cuarentenas provocaron una de las mayores cat\u00e1strofes econ\u00f3micas de la historia mundial&#8221;, agreg\u00f3.<\/p>\n\n\n\n<p>En ese sentido el gobierno concluy\u00f3 que &#8220;urge repensar desde la comunidad internacional para qu\u00e9 existen organismos supranacionales, financiados por todos, que no cumplen con los objetivos para los que fueron creados (&#8230;) y pretenden imponerse por encima de los pa\u00edses miembro&#8221;, seg\u00fan el comunicado.<\/p>\n\n\n\n<p>&#8220;Hoy la evidencia indica que las recetas de la OMS no funcional porque son el resultado de la influencia pol\u00edtica&#8221;, sostuvo.<\/p>\n\n\n\n<p>El anuncio de Argentina sigue a la decisi\u00f3n de Donald Trump, quien el 20 de enero, el d\u00eda de su investidura, firm\u00f3 un decreto para retirar a Estados Unidos de la OMS. Washington congel\u00f3 adem\u00e1s su financiamiento a programas de lucha contra el sida en pa\u00edses en desarrollo.<\/p>\n\n\n\n<p>Estados Unidos es el mayor contribuyente del organismo sanitario internacional, y su retiro oblig\u00f3 a la OMS a revisar sus programas y prioridades.<\/p>\n","protected":false},"excerpt":{"rendered":"<p>AFP El presidente Javier&nbsp;Milei&nbsp;retirar\u00e1 a Argentina de la Organizaci\u00f3n Mundial de la Salud (OMS) por &#8220;profundas diferencias respecto a la gesti\u00f3n sanitaria&#8221;, anunci\u00f3 este mi\u00e9rcoles&hellip; <\/p>\n","protected":false},"author":12,"featured_media":92307,"comment_status":"closed","ping_status":"closed","sticky":false,"template":"","format":"standard","meta":{"footnotes":""},"categories":[1,26],"tags":[353,8011,552],"class_list":["post-92306","post","type-post","status-publish","format-standard","has-post-thumbnail","hentry","category-destacados","category-noticias","tag-argentina","tag-milei","tag-oms"],"_links":{"self":[{"href":"https:\/\/megavision.com.sv\/web\/wp-json\/wp\/v2\/posts\/92306","targetHints":{"allow":["GET"]}}],"collection":[{"href":"https:\/\/megavision.com.sv\/web\/wp-json\/wp\/v2\/posts"}],"about":[{"href":"https:\/\/megavision.com.sv\/web\/wp-json\/wp\/v2\/types\/post"}],"author":[{"embeddable":true,"href":"https:\/\/megavision.com.sv\/web\/wp-json\/wp\/v2\/users\/12"}],"replies":[{"embeddable":true,"href":"https:\/\/megavision.com.sv\/web\/wp-json\/wp\/v2\/comments?post=92306"}],"version-history":[{"count":1,"href":"https:\/\/megavision.com.sv\/web\/wp-json\/wp\/v2\/posts\/92306\/revisions"}],"predecessor-version":[{"id":92308,"href":"https:\/\/megavision.com.sv\/web\/wp-json\/wp\/v2\/posts\/92306\/revisions\/92308"}],"wp:featuredmedia":[{"embeddable":true,"href":"https:\/\/megavision.com.sv\/web\/wp-json\/wp\/v2\/media\/92307"}],"wp:attachment":[{"href":"https:\/\/megavision.com.sv\/web\/wp-json\/wp\/v2\/media?parent=92306"}],"wp:term":[{"taxonomy":"category","embeddable":true,"href":"https:\/\/megavision.com.sv\/web\/wp-json\/wp\/v2\/categories?post=92306"},{"taxonomy":"post_tag","embeddable":true,"href":"https:\/\/megavision.com.sv\/web\/wp-json\/wp\/v2\/tags?post=92306"}],"curies":[{"name":"wp","href":"https:\/\/api.w.org\/{rel}","templated":true}]}}