{"id":91964,"date":"2025-01-23T12:38:42","date_gmt":"2025-01-23T18:38:42","guid":{"rendered":"https:\/\/megavision.com.sv\/web\/?p=91964"},"modified":"2025-01-23T12:38:44","modified_gmt":"2025-01-23T18:38:44","slug":"rodolfo-zelaya-anuncia-su-retiro-del-futbol-profesional","status":"publish","type":"post","link":"https:\/\/megavision.com.sv\/web\/rodolfo-zelaya-anuncia-su-retiro-del-futbol-profesional\/","title":{"rendered":"Rodolfo Zelaya anuncia su retiro del f\u00fatbol profesional"},"content":{"rendered":"\n<p><strong><em>Luis G\u00f3mez<\/em><\/strong><\/p>\n\n\n\n<p>Alianza F\u00fatbol Club confirm\u00f3 a trav\u00e9s de un comunicado en sus redes sociales la salida de Rodolfo &#8220;Fito&#8221; Zelaya como jugador albo. Este jueves el conjunto albo realiz\u00f3 una conferencia de prensa donde anunci\u00f3 que &#8220;Fito&#8221; no continuar\u00e1 con el conjunto capitalino luego de un mutuo acuerdo, adem\u00e1s de anunciar su retiro como jugador profesional. <\/p>\n\n\n\n<p>Durante la conferencia de prensa, Rodolfo Zelaya agradeci\u00f3 al club y a la afici\u00f3n por todo el cari\u00f1o y apoyo durante varios a\u00f1os: &#8220;Disfrutamos grandes momentos, los 42 partidos invictos, 8 campeonatos&#8221;, expres\u00f3 Zelaya. <\/p>\n\n\n\n<p>Asimismo, la directiva de Alianza anunci\u00f3 que retirar\u00e1n el dorsal #22 de sus filas: &#8220;Es lindo gesto de parte de la junta directiva retirar el 22, fue idea de ellos y agradezco mucho eso&#8221;, manifest\u00f3 Zelaya luego de conocer dicha decisi\u00f3n. <\/p>\n\n\n\n<p>Zelaya jugar\u00e1 su \u00faltimo partido con Alianza y como profesional este pr\u00f3ximo s\u00e1bado en la segunda jornada de la Primera Divisi\u00f3n ante Cacahuatique. Adem\u00e1s, la directiva de Alianza planea realizar un partido de homenaje para el delantero salvadore\u00f1o. <\/p>\n\n\n\n<p>&#8220;Fito&#8221; Zelaya se despide del f\u00fatbol profesional con una gran trayectoria y palmar\u00e9s: disput\u00f3 385 partidos, anot\u00f3 176 goles (170 en la liga local), adem\u00e1s consigui\u00f3 ocho t\u00edtulos de la Primera Divisi\u00f3n con el conjunto albo; mientras que individualmente ha ganado cinco en ocasiones el campeonato de goleo. <\/p>\n","protected":false},"excerpt":{"rendered":"<p>Luis G\u00f3mez Alianza F\u00fatbol Club confirm\u00f3 a trav\u00e9s de un comunicado en sus redes sociales la salida de Rodolfo &#8220;Fito&#8221; Zelaya como jugador albo. Este&hellip; <\/p>\n","protected":false},"author":12,"featured_media":91965,"comment_status":"closed","ping_status":"closed","sticky":false,"template":"","format":"standard","meta":{"footnotes":""},"categories":[30,1,26],"tags":[56,7316,8368],"class_list":["post-91964","post","type-post","status-publish","format-standard","has-post-thumbnail","hentry","category-deportes","category-destacados","category-noticias","tag-el-salvador","tag-lmf","tag-rodolfo-zelaya"],"_links":{"self":[{"href":"https:\/\/megavision.com.sv\/web\/wp-json\/wp\/v2\/posts\/91964","targetHints":{"allow":["GET"]}}],"collection":[{"href":"https:\/\/megavision.com.sv\/web\/wp-json\/wp\/v2\/posts"}],"about":[{"href":"https:\/\/megavision.com.sv\/web\/wp-json\/wp\/v2\/types\/post"}],"author":[{"embeddable":true,"href":"https:\/\/megavision.com.sv\/web\/wp-json\/wp\/v2\/users\/12"}],"replies":[{"embeddable":true,"href":"https:\/\/megavision.com.sv\/web\/wp-json\/wp\/v2\/comments?post=91964"}],"version-history":[{"count":1,"href":"https:\/\/megavision.com.sv\/web\/wp-json\/wp\/v2\/posts\/91964\/revisions"}],"predecessor-version":[{"id":91966,"href":"https:\/\/megavision.com.sv\/web\/wp-json\/wp\/v2\/posts\/91964\/revisions\/91966"}],"wp:featuredmedia":[{"embeddable":true,"href":"https:\/\/megavision.com.sv\/web\/wp-json\/wp\/v2\/media\/91965"}],"wp:attachment":[{"href":"https:\/\/megavision.com.sv\/web\/wp-json\/wp\/v2\/media?parent=91964"}],"wp:term":[{"taxonomy":"category","embeddable":true,"href":"https:\/\/megavision.com.sv\/web\/wp-json\/wp\/v2\/categories?post=91964"},{"taxonomy":"post_tag","embeddable":true,"href":"https:\/\/megavision.com.sv\/web\/wp-json\/wp\/v2\/tags?post=91964"}],"curies":[{"name":"wp","href":"https:\/\/api.w.org\/{rel}","templated":true}]}}