{"id":90457,"date":"2024-11-26T12:16:36","date_gmt":"2024-11-26T18:16:36","guid":{"rendered":"https:\/\/megavision.com.sv\/web\/?p=90457"},"modified":"2024-11-26T12:16:38","modified_gmt":"2024-11-26T18:16:38","slug":"miles-de-indigenas-acampan-en-bogota-y-exigen-reunirse-con-el-gobierno-de-colombia","status":"publish","type":"post","link":"https:\/\/megavision.com.sv\/web\/miles-de-indigenas-acampan-en-bogota-y-exigen-reunirse-con-el-gobierno-de-colombia\/","title":{"rendered":"Miles de ind\u00edgenas acampan en Bogot\u00e1 y exigen reunirse con el gobierno de Colombia"},"content":{"rendered":"\n<p>AFP<\/p>\n\n\n\n<p>Cerca de 2.000 ind\u00edgenas provenientes del noroeste de Colombia acampan este martes en los exteriores de una dependencia gubernamental en&nbsp;<strong>Bogot\u00e1<\/strong>&nbsp;y piden una reuni\u00f3n con altas autoridades para discutir sus exigencias sobre tierras ancestrales y atenci\u00f3n a sus comunidades.<\/p>\n\n\n\n<p>Los ind\u00edgenas embera instalaron cientos carpas en los exteriores de la Agencia Nacional de Tierras (ANT) y esperan que &#8220;el gobierno nacional los atienda&#8221;, dijo el martes en una declaraci\u00f3n en video la alta consejera de v\u00edctimas, paz y reconciliaci\u00f3n de la alcald\u00eda de&nbsp;<strong>Bogot\u00e1<\/strong>, que inst\u00f3 al gobierno central &#8220;a cumplir con los compromisos que se han adquirido con la comunidad (&#8230;), que tienen que ver con vivienda, con temas de educaci\u00f3n, con temas de salud&#8221;, entre otras exigencias.<\/p>\n\n\n\n<p>&#8220;No queremos tener m\u00e1s muertes de ni\u00f1os ind\u00edgenas en el departamento de Risaralda. Queremos, para cubrir las necesidades de estos ni\u00f1os, tierra, educaci\u00f3n, salud y proyectos productivos para los territorios&#8221;, dijo el martes a medios el consejero mayor de la comunidad, Marco Wasarab\u00e9.<\/p>\n\n\n\n<p>En septiembre, unos 700 ind\u00edgenas embera desplazados que acampaban en un parque de&nbsp;<strong>Bogot\u00e1<\/strong>&nbsp;desde finales de 2021 retornaron a sus comunidades luego de una serie de compromisos adquiridos por el gobierno del presidente Gustavo Petro de reasentarles en sus territorios y atender sus necesidades.<\/p>\n\n\n\n<p>Este martes, el director de la ANT Felipe Harman anunci\u00f3 la instalaci\u00f3n de &#8220;una primera mesa de trabajo&#8221; con las representantes de las comunidades y agreg\u00f3 que el gobierno tiene la &#8220;disposici\u00f3n para establecer el di\u00e1logo que permita superar las condiciones que causaron su movilizaci\u00f3n&#8221;, escribi\u00f3 en su cuenta en la red social X.<\/p>\n\n\n\n<p>&#8220;La mayor\u00eda de esas comunidades quieren regresar a sus territorios y es responsabilidad del Estado, del gobierno nacional, liderar ese proceso para que puedan contar con las condiciones que les permita permanecer all\u00e1&#8221;, asegur\u00f3 el alcalde de&nbsp;<strong>Bogot\u00e1<\/strong>, Carlos Fernando Gal\u00e1n, el martes en un acto p\u00fablico.<\/p>\n\n\n\n<p>Los pueblos originarios han sido tradicionalmente desplazados de sus territorios en Colombia por la violencia de los grupos armados. Petro, el primer presidente de izquierda en la historia de Colombia intenta desactivar por medio del di\u00e1logo el conflicto armado de seis d\u00e9cadas que ha dejado 9,5 millones de v\u00edctimas, casi el 90% de ellos desplazados.<\/p>\n","protected":false},"excerpt":{"rendered":"<p>AFP Cerca de 2.000 ind\u00edgenas provenientes del noroeste de Colombia acampan este martes en los exteriores de una dependencia gubernamental en&nbsp;Bogot\u00e1&nbsp;y piden una reuni\u00f3n con&hellip; <\/p>\n","protected":false},"author":12,"featured_media":90458,"comment_status":"closed","ping_status":"closed","sticky":false,"template":"","format":"standard","meta":{"footnotes":""},"categories":[1,26],"tags":[1060,1166],"class_list":["post-90457","post","type-post","status-publish","format-standard","has-post-thumbnail","hentry","category-destacados","category-noticias","tag-colombia","tag-indigenas"],"_links":{"self":[{"href":"https:\/\/megavision.com.sv\/web\/wp-json\/wp\/v2\/posts\/90457","targetHints":{"allow":["GET"]}}],"collection":[{"href":"https:\/\/megavision.com.sv\/web\/wp-json\/wp\/v2\/posts"}],"about":[{"href":"https:\/\/megavision.com.sv\/web\/wp-json\/wp\/v2\/types\/post"}],"author":[{"embeddable":true,"href":"https:\/\/megavision.com.sv\/web\/wp-json\/wp\/v2\/users\/12"}],"replies":[{"embeddable":true,"href":"https:\/\/megavision.com.sv\/web\/wp-json\/wp\/v2\/comments?post=90457"}],"version-history":[{"count":2,"href":"https:\/\/megavision.com.sv\/web\/wp-json\/wp\/v2\/posts\/90457\/revisions"}],"predecessor-version":[{"id":90460,"href":"https:\/\/megavision.com.sv\/web\/wp-json\/wp\/v2\/posts\/90457\/revisions\/90460"}],"wp:featuredmedia":[{"embeddable":true,"href":"https:\/\/megavision.com.sv\/web\/wp-json\/wp\/v2\/media\/90458"}],"wp:attachment":[{"href":"https:\/\/megavision.com.sv\/web\/wp-json\/wp\/v2\/media?parent=90457"}],"wp:term":[{"taxonomy":"category","embeddable":true,"href":"https:\/\/megavision.com.sv\/web\/wp-json\/wp\/v2\/categories?post=90457"},{"taxonomy":"post_tag","embeddable":true,"href":"https:\/\/megavision.com.sv\/web\/wp-json\/wp\/v2\/tags?post=90457"}],"curies":[{"name":"wp","href":"https:\/\/api.w.org\/{rel}","templated":true}]}}