{"id":90309,"date":"2024-11-21T09:47:10","date_gmt":"2024-11-21T15:47:10","guid":{"rendered":"https:\/\/megavision.com.sv\/web\/?p=90309"},"modified":"2024-11-21T09:47:12","modified_gmt":"2024-11-21T15:47:12","slug":"40-anos-de-carcel-para-pandillero-por-homicidio-agravado","status":"publish","type":"post","link":"https:\/\/megavision.com.sv\/web\/40-anos-de-carcel-para-pandillero-por-homicidio-agravado\/","title":{"rendered":"40 a\u00f1os de c\u00e1rcel para pandillero por homicidio agravado"},"content":{"rendered":"\n<p>William Santos<\/p>\n\n\n\n<p>Jos\u00e9 Guardado ha sido sentenciado a 40 a\u00f1os de prisi\u00f3n tras ser encontrado culpable del asesinato de dos personas en el caser\u00edo Las Lomas, en el distrito de Coatepeque. <\/p>\n\n\n\n<p>Seg\u00fan inform\u00f3 la Fiscal\u00eda General de la Rep\u00fablica (FGR), en febrero de 2021, Guardado, junto a otros pandilleros, lleg\u00f3 a la vivienda de las v\u00edctimas, las sac\u00f3 por la fuerza y las condujo a un terreno bald\u00edo, donde fueron decapitadas.<\/p>\n\n\n\n<p>&#8220;Este sujeto, junto a otros pandilleros, llegaron a la vivienda de las v\u00edctimas, las sacaron y las llevaron a un predio en d\u00f3nde las decapitaron&#8221;, detall\u00f3 un representante de la FGR tras el fallo judicial.<\/p>\n\n\n\n<p>Guardado tambi\u00e9n enfrentar\u00e1 un proceso penal adicional por el delito de agrupaciones il\u00edcitas, un cargo que subraya su v\u00ednculo con estructuras criminales.<\/p>\n\n\n\n<p>Por su parte, las autoridades confirmaron que los dem\u00e1s involucrados en este brutal crimen ya cumplen condenas en prisi\u00f3n, como resultado de investigaciones previas. Este caso se enmarca en los esfuerzos continuos de las instituciones de seguridad y justicia para desarticular las redes de pandillas que operan en el pa\u00eds.<\/p>\n","protected":false},"excerpt":{"rendered":"<p>William Santos Jos\u00e9 Guardado ha sido sentenciado a 40 a\u00f1os de prisi\u00f3n tras ser encontrado culpable del asesinato de dos personas en el caser\u00edo Las&hellip; <\/p>\n","protected":false},"author":12,"featured_media":90311,"comment_status":"closed","ping_status":"closed","sticky":false,"template":"","format":"standard","meta":{"footnotes":""},"categories":[1,26],"tags":[7821],"class_list":["post-90309","post","type-post","status-publish","format-standard","has-post-thumbnail","hentry","category-destacados","category-noticias","tag-homicidio-agravado"],"_links":{"self":[{"href":"https:\/\/megavision.com.sv\/web\/wp-json\/wp\/v2\/posts\/90309","targetHints":{"allow":["GET"]}}],"collection":[{"href":"https:\/\/megavision.com.sv\/web\/wp-json\/wp\/v2\/posts"}],"about":[{"href":"https:\/\/megavision.com.sv\/web\/wp-json\/wp\/v2\/types\/post"}],"author":[{"embeddable":true,"href":"https:\/\/megavision.com.sv\/web\/wp-json\/wp\/v2\/users\/12"}],"replies":[{"embeddable":true,"href":"https:\/\/megavision.com.sv\/web\/wp-json\/wp\/v2\/comments?post=90309"}],"version-history":[{"count":2,"href":"https:\/\/megavision.com.sv\/web\/wp-json\/wp\/v2\/posts\/90309\/revisions"}],"predecessor-version":[{"id":90313,"href":"https:\/\/megavision.com.sv\/web\/wp-json\/wp\/v2\/posts\/90309\/revisions\/90313"}],"wp:featuredmedia":[{"embeddable":true,"href":"https:\/\/megavision.com.sv\/web\/wp-json\/wp\/v2\/media\/90311"}],"wp:attachment":[{"href":"https:\/\/megavision.com.sv\/web\/wp-json\/wp\/v2\/media?parent=90309"}],"wp:term":[{"taxonomy":"category","embeddable":true,"href":"https:\/\/megavision.com.sv\/web\/wp-json\/wp\/v2\/categories?post=90309"},{"taxonomy":"post_tag","embeddable":true,"href":"https:\/\/megavision.com.sv\/web\/wp-json\/wp\/v2\/tags?post=90309"}],"curies":[{"name":"wp","href":"https:\/\/api.w.org\/{rel}","templated":true}]}}