{"id":88988,"date":"2024-10-10T09:02:38","date_gmt":"2024-10-10T15:02:38","guid":{"rendered":"https:\/\/megavision.com.sv\/web\/?p=88988"},"modified":"2024-10-10T09:02:40","modified_gmt":"2024-10-10T15:02:40","slug":"jorge-castro-plantea-necesidad-de-generar-ingresos-propios-que-no-dependan-de-impuestos","status":"publish","type":"post","link":"https:\/\/megavision.com.sv\/web\/jorge-castro-plantea-necesidad-de-generar-ingresos-propios-que-no-dependan-de-impuestos\/","title":{"rendered":"Jorge Castro plantea necesidad de generar ingresos propios que no dependan de impuestos"},"content":{"rendered":"\n<p>El alcalde de Santa Ana Oeste, Jorge Castro, expres\u00f3 en Pulso Ciudadano que la suma de los salarios de los exalcaldes de los ahora distritos que conforman dicho municipio rondaba los $43 mil.<\/p>\n\n\n\n<p>&#8220;Cuando uno llega a las alcald\u00edas, sobre todo a estas alcald\u00edas de la zona, est\u00e1n endeudadas&#8221;, asegur\u00f3 el edil. &#8220;En las alcald\u00edas debemos adoptar una nueva visi\u00f3n, dejar de ser una carga y descubrir nuestra propia forma de generar recursos&#8221;, agreg\u00f3.<\/p>\n\n\n\n<blockquote class=\"twitter-tweet\" data-media-max-width=\"750\"><p lang=\"es\" dir=\"ltr\"><a href=\"https:\/\/twitter.com\/hashtag\/PulsoCiudadano?src=hash&amp;ref_src=twsrc%5Etfw\">#PulsoCiudadano<\/a> | \u201cEl Estado en s\u00ed gasta y compra agua embotellada, entonces si nosotros tenemos la mejor agua, \u00bfpor qu\u00e9 no podemos embotellar agua y vend\u00e9rsela al estado?\u201d, manifiesta Jorge Castro, alcalde de Santa Ana Oeste. <a href=\"https:\/\/t.co\/2aMxoReSVl\">pic.twitter.com\/2aMxoReSVl<\/a><\/p>&mdash; Pulso Ciudadano (@PulsoCiudadanos) <a href=\"https:\/\/twitter.com\/PulsoCiudadanos\/status\/1844203616640651367?ref_src=twsrc%5Etfw\">October 10, 2024<\/a><\/blockquote> <script async src=\"https:\/\/platform.twitter.com\/widgets.js\" charset=\"utf-8\"><\/script>\n\n\n\n<p>Seg\u00fan Castro, dicha situaci\u00f3n cambi\u00f3 cuando \u00e9l entr\u00f3 a la comuna tras la reestructuraci\u00f3n municipal, lo que ha permitido invertir los fondos en algunos proyectos.<\/p>\n\n\n\n<p>Entre los proyectos que se han ejecutado y los que est\u00e1n por iniciar, Castro enfatiz\u00f3 la importancia de intervenir en la infraestructura vial. &#8220;Estamos proyectando ejecutar otras obras para intervenir las calles&#8221;, expres\u00f3, dejando claro que la mejora de la red vial es una prioridad para su administraci\u00f3n.<\/p>\n\n\n\n<blockquote class=\"twitter-tweet\" data-media-max-width=\"750\"><p lang=\"es\" dir=\"ltr\"><a href=\"https:\/\/twitter.com\/hashtag\/PulsoCiudadano?src=hash&amp;ref_src=twsrc%5Etfw\">#PulsoCiudadano<\/a> | \u201cCuando uno llega a las alcald\u00edas, sobre todo a estas alcald\u00edas de la zona, est\u00e1n endeudadas\u201d, afirma Jorge Castro, alcalde de Santa Ana Oeste. <a href=\"https:\/\/t.co\/w7pj5PGaCQ\">pic.twitter.com\/w7pj5PGaCQ<\/a><\/p>&mdash; Pulso Ciudadano (@PulsoCiudadanos) <a href=\"https:\/\/twitter.com\/PulsoCiudadanos\/status\/1844202425575739455?ref_src=twsrc%5Etfw\">October 10, 2024<\/a><\/blockquote> <script async src=\"https:\/\/platform.twitter.com\/widgets.js\" charset=\"utf-8\"><\/script>\n\n\n\n<p>Otro tema recurrente en su gesti\u00f3n es la modernizaci\u00f3n de los servicios municipales. Castro se\u00f1al\u00f3 que uno de los problemas hist\u00f3ricos en la municipalidad ha sido la gesti\u00f3n de la basura, comentando que &#8220;la basura ha sido un eterno problema, \u00bfpor qu\u00e9? Porque sencillamente lo que hacen la mayor\u00eda de alcald\u00edas es contratar un empresario que recoja la basura, eso tiene varios problemas&#8221;. En respuesta, est\u00e1 explorando soluciones m\u00e1s eficientes para abordar este desaf\u00edo.<\/p>\n\n\n\n<p>A largo plazo, el alcalde tambi\u00e9n busca cambiar el enfoque econ\u00f3mico de la alcald\u00eda. &#8220;En las alcald\u00edas debemos adoptar una nueva visi\u00f3n, dejar de ser una carga y descubrir nuestra propia forma de generar recursos&#8221;, afirm\u00f3.<\/p>\n","protected":false},"excerpt":{"rendered":"<p>El alcalde de Santa Ana Oeste, Jorge Castro, expres\u00f3 en Pulso Ciudadano que la suma de los salarios de los exalcaldes de los ahora distritos&hellip; <\/p>\n","protected":false},"author":5,"featured_media":88990,"comment_status":"closed","ping_status":"closed","sticky":false,"template":"","format":"standard","meta":{"footnotes":""},"categories":[1,27],"tags":[],"class_list":["post-88988","post","type-post","status-publish","format-standard","has-post-thumbnail","hentry","category-destacados","category-entrevista"],"_links":{"self":[{"href":"https:\/\/megavision.com.sv\/web\/wp-json\/wp\/v2\/posts\/88988","targetHints":{"allow":["GET"]}}],"collection":[{"href":"https:\/\/megavision.com.sv\/web\/wp-json\/wp\/v2\/posts"}],"about":[{"href":"https:\/\/megavision.com.sv\/web\/wp-json\/wp\/v2\/types\/post"}],"author":[{"embeddable":true,"href":"https:\/\/megavision.com.sv\/web\/wp-json\/wp\/v2\/users\/5"}],"replies":[{"embeddable":true,"href":"https:\/\/megavision.com.sv\/web\/wp-json\/wp\/v2\/comments?post=88988"}],"version-history":[{"count":1,"href":"https:\/\/megavision.com.sv\/web\/wp-json\/wp\/v2\/posts\/88988\/revisions"}],"predecessor-version":[{"id":88991,"href":"https:\/\/megavision.com.sv\/web\/wp-json\/wp\/v2\/posts\/88988\/revisions\/88991"}],"wp:featuredmedia":[{"embeddable":true,"href":"https:\/\/megavision.com.sv\/web\/wp-json\/wp\/v2\/media\/88990"}],"wp:attachment":[{"href":"https:\/\/megavision.com.sv\/web\/wp-json\/wp\/v2\/media?parent=88988"}],"wp:term":[{"taxonomy":"category","embeddable":true,"href":"https:\/\/megavision.com.sv\/web\/wp-json\/wp\/v2\/categories?post=88988"},{"taxonomy":"post_tag","embeddable":true,"href":"https:\/\/megavision.com.sv\/web\/wp-json\/wp\/v2\/tags?post=88988"}],"curies":[{"name":"wp","href":"https:\/\/api.w.org\/{rel}","templated":true}]}}