{"id":88623,"date":"2024-09-26T12:18:04","date_gmt":"2024-09-26T18:18:04","guid":{"rendered":"https:\/\/megavision.com.sv\/web\/?p=88623"},"modified":"2024-09-26T12:18:06","modified_gmt":"2024-09-26T18:18:06","slug":"multiples-accidentes-de-transito-dejan-varios-heridos-en-distintas-zonas-del-pais","status":"publish","type":"post","link":"https:\/\/megavision.com.sv\/web\/multiples-accidentes-de-transito-dejan-varios-heridos-en-distintas-zonas-del-pais\/","title":{"rendered":"M\u00faltiples accidentes de tr\u00e1nsito dejan varios heridos en distintas zonas del pa\u00eds"},"content":{"rendered":"\n<p>William Santos<\/p>\n\n\n\n<p>La ma\u00f1ana de este jueves estuvo marcada por una serie de accidentes de tr\u00e1nsito en diferentes partes del pa\u00eds, dejando varios heridos.<\/p>\n\n\n\n<p>Uno de los incidentes m\u00e1s graves ocurri\u00f3 en el kil\u00f3metro 146 de la carretera Panamericana, en el cant\u00f3n Tecomatal, San Miguel, donde un triple accidente dej\u00f3 a una mujer y un menor de edad lesionados, seg\u00fan inform\u00f3 la Polic\u00eda Nacional Civil (PNC).<\/p>\n\n\n\n<figure class=\"wp-block-embed is-type-rich is-provider-twitter wp-block-embed-twitter\"><div class=\"wp-block-embed__wrapper\">\n<blockquote class=\"twitter-tweet\" data-width=\"550\" data-dnt=\"true\"><p lang=\"es\" dir=\"ltr\">Reportamos un triple accidente de tr\u00e1nsito sobre el km 146 de la carretera Panamericana, cant\u00f3n Tecomatal, San Miguel.<br><br>De acuerdo al informe preliminar, una mujer y un menor de edad resultaron lesionados.<br><br>Nuestros equipos orientan el paso vehicular y realizan la inspecci\u00f3n\u2026 <a href=\"https:\/\/t.co\/YXgZBVLk1G\">pic.twitter.com\/YXgZBVLk1G<\/a><\/p>&mdash; PNC El Salvador (@PNCSV) <a href=\"https:\/\/twitter.com\/PNCSV\/status\/1839364496357265647?ref_src=twsrc%5Etfw\">September 26, 2024<\/a><\/blockquote><script async src=\"https:\/\/platform.twitter.com\/widgets.js\" charset=\"utf-8\"><\/script>\n<\/div><\/figure>\n\n\n\n<p>En otro accidente, un motociclista sufri\u00f3 m\u00faltiples lesiones tras ser embestido por un veh\u00edculo tipo sed\u00e1n en la intersecci\u00f3n de la avenida Fray Felipe de Jes\u00fas Moraga y la 39 calle Poniente, en Santa Ana. Miembros de Cruz Verde Salvadore\u00f1a brindaron asistencia m\u00e9dica en el lugar.<\/p>\n\n\n\n<figure class=\"wp-block-image size-large\"><img loading=\"lazy\" decoding=\"async\" width=\"1024\" height=\"768\" src=\"https:\/\/megavision.com.sv\/web\/wp-content\/uploads\/2024\/09\/image-25-1024x768.png\" alt=\"\" class=\"wp-image-88624\" srcset=\"https:\/\/megavision.com.sv\/web\/wp-content\/uploads\/2024\/09\/image-25-1024x768.png 1024w, https:\/\/megavision.com.sv\/web\/wp-content\/uploads\/2024\/09\/image-25-300x225.png 300w, https:\/\/megavision.com.sv\/web\/wp-content\/uploads\/2024\/09\/image-25-768x576.png 768w, https:\/\/megavision.com.sv\/web\/wp-content\/uploads\/2024\/09\/image-25-1536x1152.png 1536w, https:\/\/megavision.com.sv\/web\/wp-content\/uploads\/2024\/09\/image-25.png 1600w\" sizes=\"auto, (max-width: 1024px) 100vw, 1024px\" \/><\/figure>\n\n\n\n<p><em>Accidente de tr\u00e1nsito que ocurrido en Santa Ana \/ Foto cortes\u00eda.<\/em><\/p>\n\n\n\n<p>Otro motociclista tambi\u00e9n result\u00f3 herido en un accidente frente al anexo del Hospital Nacional de Ni\u00f1os Benjam\u00edn Bloom, en San Salvador.<\/p>\n\n\n\n<figure class=\"wp-block-image size-full\"><img loading=\"lazy\" decoding=\"async\" width=\"1024\" height=\"630\" src=\"https:\/\/megavision.com.sv\/web\/wp-content\/uploads\/2024\/09\/image-26.png\" alt=\"\" class=\"wp-image-88625\" srcset=\"https:\/\/megavision.com.sv\/web\/wp-content\/uploads\/2024\/09\/image-26.png 1024w, https:\/\/megavision.com.sv\/web\/wp-content\/uploads\/2024\/09\/image-26-300x185.png 300w, https:\/\/megavision.com.sv\/web\/wp-content\/uploads\/2024\/09\/image-26-768x473.png 768w\" sizes=\"auto, (max-width: 1024px) 100vw, 1024px\" \/><\/figure>\n\n\n\n<p>Motociclista accidentado siendo atendido por Comandos de Salvamento \/ Foto cortes\u00eda.<\/p>\n\n\n\n<p>Por otro lado, en el kil\u00f3metro 24 \u00bd de la carretera Panamericana, a la altura de Lourdes, Col\u00f3n, dos personas m\u00e1s resultaron heridas en otro accidente vial.<\/p>\n\n\n\n<figure class=\"wp-block-image size-full\"><img loading=\"lazy\" decoding=\"async\" width=\"1024\" height=\"630\" src=\"https:\/\/megavision.com.sv\/web\/wp-content\/uploads\/2024\/09\/image-27.png\" alt=\"\" class=\"wp-image-88626\" srcset=\"https:\/\/megavision.com.sv\/web\/wp-content\/uploads\/2024\/09\/image-27.png 1024w, https:\/\/megavision.com.sv\/web\/wp-content\/uploads\/2024\/09\/image-27-300x185.png 300w, https:\/\/megavision.com.sv\/web\/wp-content\/uploads\/2024\/09\/image-27-768x473.png 768w\" sizes=\"auto, (max-width: 1024px) 100vw, 1024px\" \/><\/figure>\n\n\n\n<p>Dos personas lesionadas tras un accidente de tr\u00e1nsito \/ Foto cortes\u00eda.<\/p>\n\n\n\n<p>Finalmente, en otro incidente ocurrido esta ma\u00f1ana, dos veh\u00edculos colisionaron, lo que provoc\u00f3 el vuelco de uno de ellos. Aunque ambos conductores sufrieron lesiones leves, fueron trasladados a un centro m\u00e9dico para su valoraci\u00f3n.<\/p>\n\n\n\n<figure class=\"wp-block-embed is-type-rich is-provider-twitter wp-block-embed-twitter\"><div class=\"wp-block-embed__wrapper\">\n<blockquote class=\"twitter-tweet\" data-width=\"550\" data-dnt=\"true\"><p lang=\"es\" dir=\"ltr\">Dos veh\u00edculos colisionaron esta ma\u00f1ana provocando que uno de ellos volcara, del incidente resultaron ambos conductores con lesiones leves pero fue necesario se les trasladara a un centro m\u00e9dico. <br><br>La polic\u00eda se mantiene en la zona para aligerar el paso en lo que se espera se\u2026 <a href=\"https:\/\/t.co\/kZ64arjJoG\">pic.twitter.com\/kZ64arjJoG<\/a><\/p>&mdash; Telenoticias Megavisi\u00f3n (@TelenoticiasGMV) <a href=\"https:\/\/twitter.com\/TelenoticiasGMV\/status\/1839316109306048587?ref_src=twsrc%5Etfw\">September 26, 2024<\/a><\/blockquote><script async src=\"https:\/\/platform.twitter.com\/widgets.js\" charset=\"utf-8\"><\/script>\n<\/div><\/figure>\n\n\n\n<p>Las autoridades hacen un llamado a la precauci\u00f3n en las carreteras, dado el aumento en los accidentes registrados en las \u00faltimas horas.<\/p>\n","protected":false},"excerpt":{"rendered":"<p>William Santos La ma\u00f1ana de este jueves estuvo marcada por una serie de accidentes de tr\u00e1nsito en diferentes partes del pa\u00eds, dejando varios heridos. Uno&hellip; <\/p>\n","protected":false},"author":12,"featured_media":88627,"comment_status":"closed","ping_status":"closed","sticky":false,"template":"","format":"standard","meta":{"footnotes":""},"categories":[1,26],"tags":[5367,56],"class_list":["post-88623","post","type-post","status-publish","format-standard","has-post-thumbnail","hentry","category-destacados","category-noticias","tag-accidentes-de-transito","tag-el-salvador"],"_links":{"self":[{"href":"https:\/\/megavision.com.sv\/web\/wp-json\/wp\/v2\/posts\/88623","targetHints":{"allow":["GET"]}}],"collection":[{"href":"https:\/\/megavision.com.sv\/web\/wp-json\/wp\/v2\/posts"}],"about":[{"href":"https:\/\/megavision.com.sv\/web\/wp-json\/wp\/v2\/types\/post"}],"author":[{"embeddable":true,"href":"https:\/\/megavision.com.sv\/web\/wp-json\/wp\/v2\/users\/12"}],"replies":[{"embeddable":true,"href":"https:\/\/megavision.com.sv\/web\/wp-json\/wp\/v2\/comments?post=88623"}],"version-history":[{"count":2,"href":"https:\/\/megavision.com.sv\/web\/wp-json\/wp\/v2\/posts\/88623\/revisions"}],"predecessor-version":[{"id":88629,"href":"https:\/\/megavision.com.sv\/web\/wp-json\/wp\/v2\/posts\/88623\/revisions\/88629"}],"wp:featuredmedia":[{"embeddable":true,"href":"https:\/\/megavision.com.sv\/web\/wp-json\/wp\/v2\/media\/88627"}],"wp:attachment":[{"href":"https:\/\/megavision.com.sv\/web\/wp-json\/wp\/v2\/media?parent=88623"}],"wp:term":[{"taxonomy":"category","embeddable":true,"href":"https:\/\/megavision.com.sv\/web\/wp-json\/wp\/v2\/categories?post=88623"},{"taxonomy":"post_tag","embeddable":true,"href":"https:\/\/megavision.com.sv\/web\/wp-json\/wp\/v2\/tags?post=88623"}],"curies":[{"name":"wp","href":"https:\/\/api.w.org\/{rel}","templated":true}]}}