{"id":88466,"date":"2024-09-20T09:01:53","date_gmt":"2024-09-20T15:01:53","guid":{"rendered":"https:\/\/megavision.com.sv\/web\/?p=88466"},"modified":"2024-09-20T09:01:55","modified_gmt":"2024-09-20T15:01:55","slug":"capturan-a-chez-peligroso-pandillero-de-la-18-surenos","status":"publish","type":"post","link":"https:\/\/megavision.com.sv\/web\/capturan-a-chez-peligroso-pandillero-de-la-18-surenos\/","title":{"rendered":"Capturan a &#8220;Chez&#8221;, peligroso pandillero de la 18 sure\u00f1os"},"content":{"rendered":"\n<p>William Santos<\/p>\n\n\n\n<p>\u00d3scar de Jes\u00fas God\u00ednez Clavel, alias &#8220;Chez&#8221; o &#8220;Chespirito&#8221;, homeboy de la pandilla 18 Sure\u00f1os (18S), fue capturado por elementos de la Fuerza Armada de El Salvador en el Parque Col\u00f3n de la ciudad de Santa Ana, as\u00ed lo inform\u00f3 el ministro de Defensa, Francis Merino Monroy.  <\/p>\n\n\n\n<p>God\u00ednez Clavel, conocido por su larga trayectoria delictiva, ten\u00eda antecedentes por agrupaciones il\u00edcitas y hab\u00eda logrado escapar de las autoridades durante la &#8220;Guerra Contra Pandillas&#8221; ejecutada por el gobierno.<\/p>\n\n\n\n<p>La detenci\u00f3n se llev\u00f3 a cabo como parte de los operativos que las fuerzas de seguridad mantienen activos en todo el pa\u00eds, en su esfuerzo por localizar y capturar a remanentes de pandillas que contin\u00faan operando en algunos sectores. <\/p>\n\n\n\n<figure class=\"wp-block-image size-full\"><img loading=\"lazy\" decoding=\"async\" width=\"1024\" height=\"630\" src=\"https:\/\/megavision.com.sv\/web\/wp-content\/uploads\/2024\/09\/Foto-para-pagina-web-2-2-10.png\" alt=\"\" class=\"wp-image-88467\" srcset=\"https:\/\/megavision.com.sv\/web\/wp-content\/uploads\/2024\/09\/Foto-para-pagina-web-2-2-10.png 1024w, https:\/\/megavision.com.sv\/web\/wp-content\/uploads\/2024\/09\/Foto-para-pagina-web-2-2-10-300x185.png 300w, https:\/\/megavision.com.sv\/web\/wp-content\/uploads\/2024\/09\/Foto-para-pagina-web-2-2-10-768x473.png 768w\" sizes=\"auto, (max-width: 1024px) 100vw, 1024px\" \/><\/figure>\n\n\n\n<p><em>Tatuajes alusivos a pandillas del pandillero \u00d3scar God\u00ednez \/ Foto cortes\u00eda.<\/em><\/p>\n\n\n\n<p>Las autoridades detallaron que &#8220;Chez&#8221; hab\u00eda permanecido escondido, tratando de evadir la justicia, pero finalmente fue ubicado y detenido.<\/p>\n\n\n\n<p>&#8220;Seguimos trabajando para erradicar todo remanente de pandillas y mantener la paz y tranquilidad en nuestras comunidades&#8221;, expres\u00f3 el ministro de Defensa, Ren\u00e9 Francis Merino, al referirse a la captura.<\/p>\n\n\n\n<figure class=\"wp-block-embed is-type-rich is-provider-twitter wp-block-embed-twitter\"><div class=\"wp-block-embed__wrapper\">\n<blockquote class=\"twitter-tweet\" data-width=\"550\" data-dnt=\"true\"><p lang=\"es\" dir=\"ltr\">Oscar de Jes\u00fas God\u00ednez Clavel, alias \u201cChez\u201d o \u201cChespirito\u201d, homeboy de la P-18S, fue ubicado por elementos de la <a href=\"https:\/\/twitter.com\/FUERZARMADASV?ref_src=twsrc%5Etfw\">@FUERZARMADASV<\/a> en el Parque Col\u00f3n de la ciudad de Santa Ana. Este delincuente, con antecedentes por agrupaciones il\u00edcitas, que hab\u00eda logrado escapar de la\u2026 <a href=\"https:\/\/t.co\/7zNpRY5gNx\">pic.twitter.com\/7zNpRY5gNx<\/a><\/p>&mdash; Ren\u00e9 Francis Merino Monroy\ud83c\uddf8\ud83c\uddfb (@merino_monroy) <a href=\"https:\/\/twitter.com\/merino_monroy\/status\/1837131180430250075?ref_src=twsrc%5Etfw\">September 20, 2024<\/a><\/blockquote><script async src=\"https:\/\/platform.twitter.com\/widgets.js\" charset=\"utf-8\"><\/script>\n<\/div><\/figure>\n","protected":false},"excerpt":{"rendered":"<p>William Santos \u00d3scar de Jes\u00fas God\u00ednez Clavel, alias &#8220;Chez&#8221; o &#8220;Chespirito&#8221;, homeboy de la pandilla 18 Sure\u00f1os (18S), fue capturado por elementos de la Fuerza&hellip; <\/p>\n","protected":false},"author":12,"featured_media":88468,"comment_status":"closed","ping_status":"closed","sticky":false,"template":"","format":"standard","meta":{"footnotes":""},"categories":[1,26],"tags":[8039,56,6902],"class_list":["post-88466","post","type-post","status-publish","format-standard","has-post-thumbnail","hentry","category-destacados","category-noticias","tag-18-surenos","tag-el-salvador","tag-guerra-contra-pandillas"],"_links":{"self":[{"href":"https:\/\/megavision.com.sv\/web\/wp-json\/wp\/v2\/posts\/88466","targetHints":{"allow":["GET"]}}],"collection":[{"href":"https:\/\/megavision.com.sv\/web\/wp-json\/wp\/v2\/posts"}],"about":[{"href":"https:\/\/megavision.com.sv\/web\/wp-json\/wp\/v2\/types\/post"}],"author":[{"embeddable":true,"href":"https:\/\/megavision.com.sv\/web\/wp-json\/wp\/v2\/users\/12"}],"replies":[{"embeddable":true,"href":"https:\/\/megavision.com.sv\/web\/wp-json\/wp\/v2\/comments?post=88466"}],"version-history":[{"count":2,"href":"https:\/\/megavision.com.sv\/web\/wp-json\/wp\/v2\/posts\/88466\/revisions"}],"predecessor-version":[{"id":88470,"href":"https:\/\/megavision.com.sv\/web\/wp-json\/wp\/v2\/posts\/88466\/revisions\/88470"}],"wp:featuredmedia":[{"embeddable":true,"href":"https:\/\/megavision.com.sv\/web\/wp-json\/wp\/v2\/media\/88468"}],"wp:attachment":[{"href":"https:\/\/megavision.com.sv\/web\/wp-json\/wp\/v2\/media?parent=88466"}],"wp:term":[{"taxonomy":"category","embeddable":true,"href":"https:\/\/megavision.com.sv\/web\/wp-json\/wp\/v2\/categories?post=88466"},{"taxonomy":"post_tag","embeddable":true,"href":"https:\/\/megavision.com.sv\/web\/wp-json\/wp\/v2\/tags?post=88466"}],"curies":[{"name":"wp","href":"https:\/\/api.w.org\/{rel}","templated":true}]}}