{"id":88023,"date":"2024-09-03T10:49:52","date_gmt":"2024-09-03T16:49:52","guid":{"rendered":"https:\/\/megavision.com.sv\/web\/?p=88023"},"modified":"2024-09-03T10:51:09","modified_gmt":"2024-09-03T16:51:09","slug":"el-salvador-y-costa-rica-reactivan-ruta-aerea-san-salvador-san-jose","status":"publish","type":"post","link":"https:\/\/megavision.com.sv\/web\/el-salvador-y-costa-rica-reactivan-ruta-aerea-san-salvador-san-jose\/","title":{"rendered":"El Salvador y Costa Rica reactivan ruta a\u00e9rea San Salvador-San Jos\u00e9"},"content":{"rendered":"\n<p>William Santos<\/p>\n\n\n\n<p>El Salvador y Costa Rica han reactivado la ruta a\u00e9rea que conecta las capitales de ambos pa\u00edses, San Salvador y San Jos\u00e9, fortaleciendo la conectividad y los lazos de amistad entre ambas naciones. Esta medida, anunciada por el presidente de la Comisi\u00f3n Ejecutiva Portuaria Aut\u00f3noma (CEPA), Federico Anliker, representa un avance significativo tanto para el turismo como para el comercio.<\/p>\n\n\n\n<p>Federico Anliker destac\u00f3 la importancia de esta ruta, se\u00f1alando que no solo reforzar\u00e1 la relaci\u00f3n con Costa Rica, sino que tambi\u00e9n facilitar\u00e1 que m\u00e1s familias y negocios se conecten con los salvadore\u00f1os. &#8220;Esta ruta fortalece la conectividad y lazos de amistad con nuestros hermanos costarricenses y, adem\u00e1s, es un puente importante para que m\u00e1s familias y negocios conecten con los salvadore\u00f1os&#8221;, afirm\u00f3 Anliker.<\/p>\n\n\n\n<figure class=\"wp-block-image size-full\"><img loading=\"lazy\" decoding=\"async\" width=\"1024\" height=\"630\" src=\"https:\/\/megavision.com.sv\/web\/wp-content\/uploads\/2024\/09\/Foto-para-pagina-web-2-3-1.png\" alt=\"\" class=\"wp-image-88024\" srcset=\"https:\/\/megavision.com.sv\/web\/wp-content\/uploads\/2024\/09\/Foto-para-pagina-web-2-3-1.png 1024w, https:\/\/megavision.com.sv\/web\/wp-content\/uploads\/2024\/09\/Foto-para-pagina-web-2-3-1-300x185.png 300w, https:\/\/megavision.com.sv\/web\/wp-content\/uploads\/2024\/09\/Foto-para-pagina-web-2-3-1-768x473.png 768w\" sizes=\"auto, (max-width: 1024px) 100vw, 1024px\" \/><\/figure>\n\n\n\n<p><em>Presidente de CEPA, Federico Anliker, junto a otras autoridades en acto de reactivaci\u00f3n \/ Foto cortes\u00eda.<\/em><\/p>\n\n\n\n<p>Adem\u00e1s, Anliker subray\u00f3 la oportunidad que esta reactivaci\u00f3n representa para el turismo en El Salvador, permitiendo que m\u00e1s viajeros internacionales puedan explorar los diversos destinos que el pa\u00eds ofrece. &#8220;Esto representa una oportunidad para continuar potenciando el turismo y que m\u00e1s viajeros internacionales puedan explorar los diferentes destinos que ofrecemos como pa\u00eds&#8221;, agreg\u00f3.<\/p>\n\n\n\n<p>Por su parte, Josu\u00e9 G\u00f3mez, encargado de negocios de la Embajada de Costa Rica, destac\u00f3 que este momento no solo refuerza la conectividad, sino que tambi\u00e9n acerca m\u00e1s a los pueblos amigos y hermanos. &#8220;Sabemos que los costarricenses viajan a El Salvador por su familia, a hacer negocios o a buscar oportunidades comerciales&#8221;, expres\u00f3 G\u00f3mez.<\/p>\n\n\n\n<figure class=\"wp-block-image size-full\"><img loading=\"lazy\" decoding=\"async\" width=\"1024\" height=\"630\" src=\"https:\/\/megavision.com.sv\/web\/wp-content\/uploads\/2024\/09\/Foto-para-pagina-web-2-4.png\" alt=\"\" class=\"wp-image-88025\" srcset=\"https:\/\/megavision.com.sv\/web\/wp-content\/uploads\/2024\/09\/Foto-para-pagina-web-2-4.png 1024w, https:\/\/megavision.com.sv\/web\/wp-content\/uploads\/2024\/09\/Foto-para-pagina-web-2-4-300x185.png 300w, https:\/\/megavision.com.sv\/web\/wp-content\/uploads\/2024\/09\/Foto-para-pagina-web-2-4-768x473.png 768w\" sizes=\"auto, (max-width: 1024px) 100vw, 1024px\" \/><\/figure>\n\n\n\n<p><em>Josu\u00e9 G\u00f3mez, encargado de negocios de la Embajada de Costa Rica \/ Foto cortes\u00eda.<\/em><\/p>\n\n\n\n<p>Asimismo, G\u00f3mez resalt\u00f3 la importancia de la conectividad a\u00e9rea para facilitar el traslado de personas y bienes, y para promover un mayor entendimiento entre los pueblos de ambas naciones. &#8220;Costa Rica y El Salvador comparten no solo una rica historia, sino un futuro lleno de oportunidades. La conectividad a\u00e9rea es fundamental para facilitar el traslado de personas y bienes, y para promover el entendimiento mutuo de nuestros pueblos&#8221;, concluy\u00f3.<\/p>\n\n\n\n<p>En el contexto de esta reactivaci\u00f3n, Anliker tambi\u00e9n inform\u00f3 sobre el crecimiento que ha experimentado el aeropuerto de El Salvador. Hasta la fecha, se han atendido a m\u00e1s de 3.6 millones de viajeros, lo que representa un incremento del 23 % respecto al a\u00f1o 2023, lo que demuestra la creciente importancia del pa\u00eds como un punto clave de conexi\u00f3n en la regi\u00f3n.<\/p>\n\n\n\n<p><\/p>\n","protected":false},"excerpt":{"rendered":"<p>William Santos El Salvador y Costa Rica han reactivado la ruta a\u00e9rea que conecta las capitales de ambos pa\u00edses, San Salvador y San Jos\u00e9, fortaleciendo&hellip; <\/p>\n","protected":false},"author":12,"featured_media":88026,"comment_status":"closed","ping_status":"closed","sticky":false,"template":"","format":"standard","meta":{"footnotes":""},"categories":[1,26],"tags":[1043,56],"class_list":["post-88023","post","type-post","status-publish","format-standard","has-post-thumbnail","hentry","category-destacados","category-noticias","tag-costa-rica","tag-el-salvador"],"_links":{"self":[{"href":"https:\/\/megavision.com.sv\/web\/wp-json\/wp\/v2\/posts\/88023","targetHints":{"allow":["GET"]}}],"collection":[{"href":"https:\/\/megavision.com.sv\/web\/wp-json\/wp\/v2\/posts"}],"about":[{"href":"https:\/\/megavision.com.sv\/web\/wp-json\/wp\/v2\/types\/post"}],"author":[{"embeddable":true,"href":"https:\/\/megavision.com.sv\/web\/wp-json\/wp\/v2\/users\/12"}],"replies":[{"embeddable":true,"href":"https:\/\/megavision.com.sv\/web\/wp-json\/wp\/v2\/comments?post=88023"}],"version-history":[{"count":2,"href":"https:\/\/megavision.com.sv\/web\/wp-json\/wp\/v2\/posts\/88023\/revisions"}],"predecessor-version":[{"id":88029,"href":"https:\/\/megavision.com.sv\/web\/wp-json\/wp\/v2\/posts\/88023\/revisions\/88029"}],"wp:featuredmedia":[{"embeddable":true,"href":"https:\/\/megavision.com.sv\/web\/wp-json\/wp\/v2\/media\/88026"}],"wp:attachment":[{"href":"https:\/\/megavision.com.sv\/web\/wp-json\/wp\/v2\/media?parent=88023"}],"wp:term":[{"taxonomy":"category","embeddable":true,"href":"https:\/\/megavision.com.sv\/web\/wp-json\/wp\/v2\/categories?post=88023"},{"taxonomy":"post_tag","embeddable":true,"href":"https:\/\/megavision.com.sv\/web\/wp-json\/wp\/v2\/tags?post=88023"}],"curies":[{"name":"wp","href":"https:\/\/api.w.org\/{rel}","templated":true}]}}