{"id":88013,"date":"2024-09-03T07:11:42","date_gmt":"2024-09-03T13:11:42","guid":{"rendered":"https:\/\/megavision.com.sv\/web\/?p=88013"},"modified":"2024-09-03T07:13:32","modified_gmt":"2024-09-03T13:13:32","slug":"pronostican-lluvias-para-esta-tarde-en-varios-puntos-del-pais","status":"publish","type":"post","link":"https:\/\/megavision.com.sv\/web\/pronostican-lluvias-para-esta-tarde-en-varios-puntos-del-pais\/","title":{"rendered":"Pronostican lluvias para esta tarde en varios puntos del pa\u00eds"},"content":{"rendered":"\n<p>William Santos<\/p>\n\n\n\n<p>El Salvador se prepara para una jornada de lluvias y tormentas, influenciadas por una vaguada en las cercan\u00edas del pa\u00eds, seg\u00fan los \u00faltimos reportes meteorol\u00f3gicos del Ministerio de Medio Ambiente. El cielo se mantendr\u00e1 poco nublado durante la ma\u00f1ana, pero las condiciones cambiar\u00e1n significativamente a lo largo del d\u00eda.<\/p>\n\n\n\n<figure class=\"wp-block-image size-large\"><img loading=\"lazy\" decoding=\"async\" width=\"1024\" height=\"574\" src=\"https:\/\/megavision.com.sv\/web\/wp-content\/uploads\/2024\/09\/GWjRku5W0AAlj_e-1024x574.jpeg\" alt=\"\" class=\"wp-image-88015\" srcset=\"https:\/\/megavision.com.sv\/web\/wp-content\/uploads\/2024\/09\/GWjRku5W0AAlj_e-1024x574.jpeg 1024w, https:\/\/megavision.com.sv\/web\/wp-content\/uploads\/2024\/09\/GWjRku5W0AAlj_e-300x168.jpeg 300w, https:\/\/megavision.com.sv\/web\/wp-content\/uploads\/2024\/09\/GWjRku5W0AAlj_e-768x431.jpeg 768w, https:\/\/megavision.com.sv\/web\/wp-content\/uploads\/2024\/09\/GWjRku5W0AAlj_e-1536x861.jpeg 1536w, https:\/\/megavision.com.sv\/web\/wp-content\/uploads\/2024\/09\/GWjRku5W0AAlj_e-2048x1148.jpeg 2048w\" sizes=\"auto, (max-width: 1024px) 100vw, 1024px\" \/><\/figure>\n\n\n\n<p><em>Pron\u00f3stico de muy corto plazo, v\u00e1lido de 6:00 a.m. a 12:00 p.m. del 03\/09\/2024. \/ Cortes\u00eda MARN<\/em><\/p>\n\n\n\n<p>Durante la tarde, se espera un incremento en la nubosidad, especialmente en las zonas altas, con tormentas puntuales en la cordillera Apaneca &#8211; Ilamatepec y la cordillera del B\u00e1lsamo. Adem\u00e1s, la zona norte del pa\u00eds podr\u00eda experimentar lluvias dispersas y tormentas que se desplazar\u00e1n hacia el suroeste al finalizar la tarde.<\/p>\n\n\n\n<p>Por la noche, el desarrollo de lluvias y tormentas se intensificar\u00e1, con mayor \u00e9nfasis en la franja central del occidente del pa\u00eds, la cordillera volc\u00e1nica y la zona oriental. Para la madrugada, se prev\u00e9n remanentes de lluvias, principalmente en la zona noroccidental y la franja costera oriental.<\/p>\n\n\n\n<p>El viento soplar\u00e1 desde el noreste durante la ma\u00f1ana, noche y madrugada, cambiando a una direcci\u00f3n sureste por la tarde, con velocidades que oscilar\u00e1n entre los 10 y 20 km\/h. El ambiente ser\u00e1 muy c\u00e1lido durante el d\u00eda, pero las temperaturas descender\u00e1n en la noche, proporcionando un clima m\u00e1s fresco.<\/p>\n\n\n\n<figure class=\"wp-block-image size-full\"><img loading=\"lazy\" decoding=\"async\" width=\"999\" height=\"652\" src=\"https:\/\/megavision.com.sv\/web\/wp-content\/uploads\/2024\/09\/image-1.png\" alt=\"\" class=\"wp-image-88014\" srcset=\"https:\/\/megavision.com.sv\/web\/wp-content\/uploads\/2024\/09\/image-1.png 999w, https:\/\/megavision.com.sv\/web\/wp-content\/uploads\/2024\/09\/image-1-300x196.png 300w, https:\/\/megavision.com.sv\/web\/wp-content\/uploads\/2024\/09\/image-1-768x501.png 768w\" sizes=\"auto, (max-width: 999px) 100vw, 999px\" \/><\/figure>\n\n\n\n<p><em>Tabla de temperaturas previstas desde el martes 3 hasta el s\u00e1bado 7 de septiembre \/ Imagen cortes\u00eda.<\/em><\/p>\n\n\n\n<p>La vaguada cercana es el principal factor que est\u00e1 propiciando este clima inestable, y las lluvias continuar\u00e1n afectando diferentes partes del pa\u00eds, al menos durante las pr\u00f3ximas horas.<\/p>\n","protected":false},"excerpt":{"rendered":"<p>William Santos El Salvador se prepara para una jornada de lluvias y tormentas, influenciadas por una vaguada en las cercan\u00edas del pa\u00eds, seg\u00fan los \u00faltimos&hellip; <\/p>\n","protected":false},"author":12,"featured_media":87767,"comment_status":"closed","ping_status":"closed","sticky":false,"template":"","format":"standard","meta":{"footnotes":""},"categories":[1,26],"tags":[432,56],"class_list":["post-88013","post","type-post","status-publish","format-standard","has-post-thumbnail","hentry","category-destacados","category-noticias","tag-clima","tag-el-salvador"],"_links":{"self":[{"href":"https:\/\/megavision.com.sv\/web\/wp-json\/wp\/v2\/posts\/88013","targetHints":{"allow":["GET"]}}],"collection":[{"href":"https:\/\/megavision.com.sv\/web\/wp-json\/wp\/v2\/posts"}],"about":[{"href":"https:\/\/megavision.com.sv\/web\/wp-json\/wp\/v2\/types\/post"}],"author":[{"embeddable":true,"href":"https:\/\/megavision.com.sv\/web\/wp-json\/wp\/v2\/users\/12"}],"replies":[{"embeddable":true,"href":"https:\/\/megavision.com.sv\/web\/wp-json\/wp\/v2\/comments?post=88013"}],"version-history":[{"count":2,"href":"https:\/\/megavision.com.sv\/web\/wp-json\/wp\/v2\/posts\/88013\/revisions"}],"predecessor-version":[{"id":88017,"href":"https:\/\/megavision.com.sv\/web\/wp-json\/wp\/v2\/posts\/88013\/revisions\/88017"}],"wp:featuredmedia":[{"embeddable":true,"href":"https:\/\/megavision.com.sv\/web\/wp-json\/wp\/v2\/media\/87767"}],"wp:attachment":[{"href":"https:\/\/megavision.com.sv\/web\/wp-json\/wp\/v2\/media?parent=88013"}],"wp:term":[{"taxonomy":"category","embeddable":true,"href":"https:\/\/megavision.com.sv\/web\/wp-json\/wp\/v2\/categories?post=88013"},{"taxonomy":"post_tag","embeddable":true,"href":"https:\/\/megavision.com.sv\/web\/wp-json\/wp\/v2\/tags?post=88013"}],"curies":[{"name":"wp","href":"https:\/\/api.w.org\/{rel}","templated":true}]}}