{"id":87799,"date":"2024-08-21T11:24:21","date_gmt":"2024-08-21T17:24:21","guid":{"rendered":"https:\/\/megavision.com.sv\/web\/?p=87799"},"modified":"2024-08-21T11:24:23","modified_gmt":"2024-08-21T17:24:23","slug":"vmt-verifica-devolucion-de-excedente-de-pasaje-cobrado-a-pasajeros-de-la-ruta-201","status":"publish","type":"post","link":"https:\/\/megavision.com.sv\/web\/vmt-verifica-devolucion-de-excedente-de-pasaje-cobrado-a-pasajeros-de-la-ruta-201\/","title":{"rendered":"VMT verifica devoluci\u00f3n de excedente de pasaje cobrado a pasajeros de la Ruta 201"},"content":{"rendered":"\n<p>William Santos<\/p>\n\n\n\n<p>El Viceministerio de Transporte (VMT) contin\u00faa con su labor de supervisi\u00f3n en el transporte colectivo. Esta ma\u00f1ana, el director general de Transporte Terrestre, Ismael Flores, supervis\u00f3 un dispositivo de verificaci\u00f3n en la Terminal de Occidente, San Salvador, enfocado en la correcta aplicaci\u00f3n de las tarifas de pasaje y la calidad del servicio ofrecido a los usuarios.<\/p>\n\n\n\n<p>Durante la supervisi\u00f3n, se verific\u00f3 la devoluci\u00f3n del excedente de pasaje cobrado en la ruta 201, as\u00ed como la revisi\u00f3n de la documentaci\u00f3n y condiciones m\u00ednimas de seguridad de las unidades. &#8220;Nos encontramos verificando que las unidades de transporte colectivo porten sus documentos en regla y cumplan con las especificaciones m\u00ednimas para trasladar de la mejor manera a los usuarios&#8221;, afirm\u00f3 el director Flores.<\/p>\n\n\n\n<blockquote class=\"twitter-tweet\" data-media-max-width=\"560\"><p lang=\"es\" dir=\"ltr\">Verificamos devoluci\u00f3n de excedente de pasaje cobrado a usuarios de la ruta 201.<br><br>Desplegamos controles a escala nacional para garantiza el cumplimiento de la normativa de tr\u00e1nsito. <a href=\"https:\/\/t.co\/L1rxyhwiyU\">pic.twitter.com\/L1rxyhwiyU<\/a><\/p>&mdash; VMT (@VMTElSalvador) <a href=\"https:\/\/twitter.com\/VMTElSalvador\/status\/1826281044720689435?ref_src=twsrc%5Etfw\">August 21, 2024<\/a><\/blockquote> <script async src=\"https:\/\/platform.twitter.com\/widgets.js\" charset=\"utf-8\"><\/script>\n\n\n\n<p>Adem\u00e1s, se impusieron sanciones a aquellos transportistas que no cumpl\u00edan con la normativa, como la falta de tarifarios visibles y la ausencia de dispositivos de seguridad como extintores, conos o llantas de repuesto. &#8220;Hacemos un llamado a los empresarios a que doten a sus motoristas de estos implementos&#8221;, subray\u00f3 Flores.<\/p>\n\n\n\n<figure class=\"wp-block-image size-large\"><img loading=\"lazy\" decoding=\"async\" width=\"1024\" height=\"683\" src=\"https:\/\/megavision.com.sv\/web\/wp-content\/uploads\/2024\/08\/GVg38MnWMAE69nd-1024x683.jpeg\" alt=\"\" class=\"wp-image-87800\" srcset=\"https:\/\/megavision.com.sv\/web\/wp-content\/uploads\/2024\/08\/GVg38MnWMAE69nd-1024x683.jpeg 1024w, https:\/\/megavision.com.sv\/web\/wp-content\/uploads\/2024\/08\/GVg38MnWMAE69nd-300x200.jpeg 300w, https:\/\/megavision.com.sv\/web\/wp-content\/uploads\/2024\/08\/GVg38MnWMAE69nd-768x512.jpeg 768w, https:\/\/megavision.com.sv\/web\/wp-content\/uploads\/2024\/08\/GVg38MnWMAE69nd-1536x1024.jpeg 1536w, https:\/\/megavision.com.sv\/web\/wp-content\/uploads\/2024\/08\/GVg38MnWMAE69nd-2048x1366.jpeg 2048w\" sizes=\"auto, (max-width: 1024px) 100vw, 1024px\" \/><\/figure>\n\n\n\n<p><em><strong>Inspector del VMT verificando presi\u00f3n de aire en llanta de autob\u00fas de la ruta 201 \/ Foto cortes\u00eda.<\/strong><\/em><\/p>\n\n\n\n<p>El director tambi\u00e9n destac\u00f3 que, hasta la fecha, el VMT ha impuesto 24,951 multas al transporte colectivo en colaboraci\u00f3n con la Polic\u00eda Nacional Civil (PNC), lo que representa el 5% del total de infracciones registradas.<\/p>\n\n\n\n<p>Flores se\u00f1al\u00f3 que el Viceministerio est\u00e1 redoblando esfuerzos para incrementar estos controles, no solo en el transporte colectivo, sino tambi\u00e9n en el transporte de carga, veh\u00edculos particulares, y en la medici\u00f3n de velocidad. Adem\u00e1s, inform\u00f3 que se han realizado 52,198 pruebas de alcoholemia como parte de los controles antidoping implementados este a\u00f1o.<\/p>\n","protected":false},"excerpt":{"rendered":"<p>William Santos El Viceministerio de Transporte (VMT) contin\u00faa con su labor de supervisi\u00f3n en el transporte colectivo. Esta ma\u00f1ana, el director general de Transporte Terrestre,&hellip; <\/p>\n","protected":false},"author":12,"featured_media":87801,"comment_status":"closed","ping_status":"closed","sticky":false,"template":"","format":"standard","meta":{"footnotes":""},"categories":[1,26],"tags":[7995,56],"class_list":["post-87799","post","type-post","status-publish","format-standard","has-post-thumbnail","hentry","category-destacados","category-noticias","tag-buses","tag-el-salvador"],"_links":{"self":[{"href":"https:\/\/megavision.com.sv\/web\/wp-json\/wp\/v2\/posts\/87799","targetHints":{"allow":["GET"]}}],"collection":[{"href":"https:\/\/megavision.com.sv\/web\/wp-json\/wp\/v2\/posts"}],"about":[{"href":"https:\/\/megavision.com.sv\/web\/wp-json\/wp\/v2\/types\/post"}],"author":[{"embeddable":true,"href":"https:\/\/megavision.com.sv\/web\/wp-json\/wp\/v2\/users\/12"}],"replies":[{"embeddable":true,"href":"https:\/\/megavision.com.sv\/web\/wp-json\/wp\/v2\/comments?post=87799"}],"version-history":[{"count":1,"href":"https:\/\/megavision.com.sv\/web\/wp-json\/wp\/v2\/posts\/87799\/revisions"}],"predecessor-version":[{"id":87802,"href":"https:\/\/megavision.com.sv\/web\/wp-json\/wp\/v2\/posts\/87799\/revisions\/87802"}],"wp:featuredmedia":[{"embeddable":true,"href":"https:\/\/megavision.com.sv\/web\/wp-json\/wp\/v2\/media\/87801"}],"wp:attachment":[{"href":"https:\/\/megavision.com.sv\/web\/wp-json\/wp\/v2\/media?parent=87799"}],"wp:term":[{"taxonomy":"category","embeddable":true,"href":"https:\/\/megavision.com.sv\/web\/wp-json\/wp\/v2\/categories?post=87799"},{"taxonomy":"post_tag","embeddable":true,"href":"https:\/\/megavision.com.sv\/web\/wp-json\/wp\/v2\/tags?post=87799"}],"curies":[{"name":"wp","href":"https:\/\/api.w.org\/{rel}","templated":true}]}}