{"id":87762,"date":"2024-08-20T10:13:35","date_gmt":"2024-08-20T16:13:35","guid":{"rendered":"https:\/\/megavision.com.sv\/web\/?p=87762"},"modified":"2024-08-20T10:13:38","modified_gmt":"2024-08-20T16:13:38","slug":"muere-a-los-117-anos-la-persona-mas-vieja-del-mundo-la-espanola-maria-branyas","status":"publish","type":"post","link":"https:\/\/megavision.com.sv\/web\/muere-a-los-117-anos-la-persona-mas-vieja-del-mundo-la-espanola-maria-branyas\/","title":{"rendered":"Muere a los 117 a\u00f1os la persona m\u00e1s vieja del mundo, la espa\u00f1ola Mar\u00eda Branyas"},"content":{"rendered":"\n<p>AFP<\/p>\n\n\n\n<p>La persona m\u00e1s anciana del mundo, la espa\u00f1ola Mar\u00eda Branyas Morera, muri\u00f3 a los 117 a\u00f1os &#8220;mientras dorm\u00eda, tranquila y sin dolor&#8221;, tras sobrevivir a guerras y pandemias, inform\u00f3 su familia este martes.<\/p>\n\n\n\n<p>&#8220;Mar\u00eda Branyas nos ha dejado&#8221;, escribi\u00f3 su familia en la cuenta de la red social X de la mujer, a\u00f1adiendo que &#8220;ha muerto como quer\u00eda: mientras dorm\u00eda, tranquila y sin dolor&#8221;.<\/p>\n\n\n\n<p>&#8220;Hace unos d\u00edas nos dec\u00eda: un d\u00eda me ir\u00e9 de aqu\u00ed. No volver\u00e9 a probar el caf\u00e9, ni a comer yogur (&#8230;) Y dejar\u00e9 de existir en este cuerpo. Un d\u00eda que desconozco, pero que est\u00e1 muy cerca, este largo viaje habr\u00e1 acabado&#8221;, narr\u00f3 la familia en su mensaje.<\/p>\n\n\n\n<p>&#8220;La recordaremos siempre por sus consejos y su bondad&#8221;, concluy\u00f3 su familia.<\/p>\n\n\n\n<p>En la misma cuenta, Branyas anticip\u00f3 el lunes que ve\u00eda cercano el momento de la muerte.<\/p>\n\n\n\n<p>&#8220;Me siento d\u00e9bil. Se acerca la hora. No llor\u00e9is, no me gustan las l\u00e1grimas. Y sobre todo, no sufr\u00e1is por m\u00ed. All\u00ed donde vaya ser\u00e9 feliz&#8221;, afirm\u00f3 la mujer.<\/p>\n\n\n\n<p>El presidente del Gobierno regional catal\u00e1n, Salvador Illa, lament\u00f3 la muerte de &#8220;la abuela de Catalu\u00f1a&#8221;.<\/p>\n\n\n\n<p>&#8220;Nos ha dejado Mar\u00eda Branyas, la abuela de Catalu\u00f1a y la persona m\u00e1s mayor del mundo. Perdemos a una mujer entra\u00f1able, que nos ha ense\u00f1ado el valor de la vida y la sabidur\u00eda de los a\u00f1os&#8221;, escribi\u00f3 Illa en la red social X.&nbsp;<\/p>\n\n\n\n<p>Branyas era la persona m\u00e1s vieja del mundo, seg\u00fan el Grupo de Investigaci\u00f3n Gerontol\u00f3gica de Estados Unidos (US Gerontology Research Group) y el libro Guinness de los r\u00e9cords.&nbsp;<\/p>\n\n\n\n<p>Sustituy\u00f3 en la c\u00faspide a la francesa Lucile Randon, que muri\u00f3 a los 118 a\u00f1os en enero de 2023.<\/p>\n\n\n\n<p>Tras la muerte de Branyas, la persona m\u00e1s anciana es la japonesa Tomiko Itooka, que naci\u00f3 el 23 de mayo de 1908 y tiene 116 a\u00f1os, seg\u00fan el Grupo de Investigaci\u00f3n Gerontol\u00f3gica de Estados Unidos.<\/p>\n\n\n\n<h2 class=\"wp-block-heading\">&#8211; Nacida en 1907, &#8220;nunca fue al hospital&#8221; &#8211;<\/h2>\n\n\n\n<p>Branyas sobrevivi\u00f3 a la pandemia de gripe de 1918 (tambi\u00e9n llamada gripe espa\u00f1ola), a dos guerras mundiales, a la Guerra Civil espa\u00f1ola y al covid, que contrajo poco despu\u00e9s de cumplir 113 a\u00f1os en 2020, y del que se recuper\u00f3 totalmente a los pocos d\u00edas.<\/p>\n\n\n\n<p>La mujer viv\u00eda en la residencia de ancianos de Santa Maria del Tura, en la ciudad catalana de Olot, en el noreste de Espa\u00f1a, desde hac\u00eda m\u00e1s de 20 a\u00f1os.&nbsp;<\/p>\n\n\n\n<p>Branyas naci\u00f3 en San Francisco el 4 de marzo de 1907, poco despu\u00e9s de que su familia catalana se trasladara a Estados Unidos desde M\u00e9xico.&nbsp;<\/p>\n\n\n\n<p>La familia decidi\u00f3 regresar a su Espa\u00f1a natal en 1915, en plena Primera Guerra Mundial, lo que complic\u00f3 el viaje en barco a trav\u00e9s del Atl\u00e1ntico.&nbsp;<\/p>\n\n\n\n<p>La traves\u00eda tambi\u00e9n estuvo marcada por la tragedia: su padre muri\u00f3 de tuberculosis al final del viaje y su ata\u00fad fue arrojado al mar.&nbsp;<\/p>\n\n\n\n<p>Branyas y su madre se instalaron en Barcelona. En 1931, cinco a\u00f1os antes del comienzo de la Guerra Civil (1936-39), se cas\u00f3 con un m\u00e9dico.&nbsp;<\/p>\n\n\n\n<p>La pareja vivi\u00f3 junta durante cuatro d\u00e9cadas, hasta que su marido muri\u00f3 a los 72 a\u00f1os. Tuvo tres hijos, uno de ellos ya fallecido, once nietos y numerosos bisnietos.&nbsp;<\/p>\n\n\n\n<p>Su hija menor, Rosa Moret, ya octogenaria, explic\u00f3 una vez que su madre &#8220;nunca fue al hospital y nunca tuvo una fractura&#8221;, en declaraciones a la televisi\u00f3n regional catalana.&nbsp;<\/p>\n\n\n\n<p>Un equipo de la Universidad de Barcelona estudi\u00f3 su ADN para tratar de determinar las causas de su longevidad. En una entrevista publicada en octubre de 2023 por el diario espa\u00f1ol ABC, uno de los investigadores, Manel Esteller, se sorprend\u00eda por el buen estado de la mujer.<\/p>\n\n\n\n<p>&#8220;Tiene la cabeza completamente l\u00facida. Recuerda con impresionante nitidez episodios de cuando solo ten\u00eda cuatro a\u00f1os, y no presenta ninguna enfermedad cardiovascular, habitual de las personas de edad avanzada. Lo \u00fanico que tiene son problemas de movilidad y de o\u00eddo. Es incre\u00edble&#8221;, explic\u00f3 este catedr\u00e1tico de Gen\u00e9tica.<\/p>\n\n\n\n<p>La persona m\u00e1s anciana autentificada fue la francesa Jeanne Calment, que vivi\u00f3 122 a\u00f1os y 164 d\u00edas, y que muri\u00f3 en 1997.<\/p>\n","protected":false},"excerpt":{"rendered":"<p>AFP La persona m\u00e1s anciana del mundo, la espa\u00f1ola Mar\u00eda Branyas Morera, muri\u00f3 a los 117 a\u00f1os &#8220;mientras dorm\u00eda, tranquila y sin dolor&#8221;, tras sobrevivir&hellip; <\/p>\n","protected":false},"author":12,"featured_media":87763,"comment_status":"closed","ping_status":"closed","sticky":false,"template":"","format":"standard","meta":{"footnotes":""},"categories":[1,28],"tags":[447,150,7992],"class_list":["post-87762","post","type-post","status-publish","format-standard","has-post-thumbnail","hentry","category-destacados","category-entretenimiento","tag-espana","tag-internacionales","tag-maria-branyas"],"_links":{"self":[{"href":"https:\/\/megavision.com.sv\/web\/wp-json\/wp\/v2\/posts\/87762","targetHints":{"allow":["GET"]}}],"collection":[{"href":"https:\/\/megavision.com.sv\/web\/wp-json\/wp\/v2\/posts"}],"about":[{"href":"https:\/\/megavision.com.sv\/web\/wp-json\/wp\/v2\/types\/post"}],"author":[{"embeddable":true,"href":"https:\/\/megavision.com.sv\/web\/wp-json\/wp\/v2\/users\/12"}],"replies":[{"embeddable":true,"href":"https:\/\/megavision.com.sv\/web\/wp-json\/wp\/v2\/comments?post=87762"}],"version-history":[{"count":1,"href":"https:\/\/megavision.com.sv\/web\/wp-json\/wp\/v2\/posts\/87762\/revisions"}],"predecessor-version":[{"id":87764,"href":"https:\/\/megavision.com.sv\/web\/wp-json\/wp\/v2\/posts\/87762\/revisions\/87764"}],"wp:featuredmedia":[{"embeddable":true,"href":"https:\/\/megavision.com.sv\/web\/wp-json\/wp\/v2\/media\/87763"}],"wp:attachment":[{"href":"https:\/\/megavision.com.sv\/web\/wp-json\/wp\/v2\/media?parent=87762"}],"wp:term":[{"taxonomy":"category","embeddable":true,"href":"https:\/\/megavision.com.sv\/web\/wp-json\/wp\/v2\/categories?post=87762"},{"taxonomy":"post_tag","embeddable":true,"href":"https:\/\/megavision.com.sv\/web\/wp-json\/wp\/v2\/tags?post=87762"}],"curies":[{"name":"wp","href":"https:\/\/api.w.org\/{rel}","templated":true}]}}