{"id":87017,"date":"2024-07-17T15:03:17","date_gmt":"2024-07-17T21:03:17","guid":{"rendered":"https:\/\/megavision.com.sv\/web\/?p=87017"},"modified":"2024-07-17T15:03:17","modified_gmt":"2024-07-17T21:03:17","slug":"problemas-en-el-chelsea-por-el-caso-enzo-fernandez","status":"publish","type":"post","link":"https:\/\/megavision.com.sv\/web\/problemas-en-el-chelsea-por-el-caso-enzo-fernandez\/","title":{"rendered":"Problemas en el Chelsea por el caso Enzo Fern\u00e1ndez"},"content":{"rendered":"\n<p><strong><em>Luis G\u00f3me<\/em><\/strong>z<\/p>\n\n\n\n<p>El club londinense emiti\u00f3 un comunicado a trav\u00e9s de sus redes sociales en respuesta a los c\u00e1nticos inapropiados entonados por el jugador argentino Enzo Fern\u00e1ndez durante un video en vivo en Instagram, celebrando el campeonato de la Copa Am\u00e9rica 2024. En el video se escucharon c\u00e1nticos controversiales dirigidos hacia jugadores franceses.<\/p>\n\n\n\n<p>En el comunicado, el Chelsea anunci\u00f3 que llevar\u00e1 a cabo un &#8220;procedimiento disciplinario interno&#8221; respecto a los c\u00e1nticos del jugador, tras la reacci\u00f3n de varios jugadores del club, incluyendo a Wesley Fofana, quien coment\u00f3 en su cuenta de &#8220;X&#8221;: &#8220;F\u00fatbol en 2024: racismo desinhibido&#8221;, haciendo referencia al video de Fern\u00e1ndez.<\/p>\n\n\n\n<figure class=\"wp-block-image size-large\"><img loading=\"lazy\" decoding=\"async\" width=\"576\" height=\"1024\" src=\"https:\/\/megavision.com.sv\/web\/wp-content\/uploads\/2024\/07\/ff0238ab-3782-40f0-be9d-ab9666de77b4-576x1024.jpeg\" alt=\"\" class=\"wp-image-87019\" srcset=\"https:\/\/megavision.com.sv\/web\/wp-content\/uploads\/2024\/07\/ff0238ab-3782-40f0-be9d-ab9666de77b4-576x1024.jpeg 576w, https:\/\/megavision.com.sv\/web\/wp-content\/uploads\/2024\/07\/ff0238ab-3782-40f0-be9d-ab9666de77b4-169x300.jpeg 169w, https:\/\/megavision.com.sv\/web\/wp-content\/uploads\/2024\/07\/ff0238ab-3782-40f0-be9d-ab9666de77b4-768x1365.jpeg 768w, https:\/\/megavision.com.sv\/web\/wp-content\/uploads\/2024\/07\/ff0238ab-3782-40f0-be9d-ab9666de77b4-864x1536.jpeg 864w, https:\/\/megavision.com.sv\/web\/wp-content\/uploads\/2024\/07\/ff0238ab-3782-40f0-be9d-ab9666de77b4.jpeg 900w\" sizes=\"auto, (max-width: 576px) 100vw, 576px\" \/><\/figure>\n\n\n\n<p>Adem\u00e1s, Fofana y otros jugadores del Chelsea dejaron de seguir a Fern\u00e1ndez en Instagram, lo que ha generado tensiones internas en el club.<\/p>\n\n\n\n<p>En respuesta, Enzo Fern\u00e1ndez utiliz\u00f3 sus redes sociales para emitir una disculpa p\u00fablica: &#8220;Quiero pedir sinceras disculpas por el video publicado en mi cuenta de Instagram durante las celebraciones de la selecci\u00f3n nacional&#8221;. Reconoci\u00f3 que &#8220;la canci\u00f3n conten\u00eda un lenguaje altamente ofensivo y no hay excusa alguna para esas palabras&#8221;.<\/p>\n\n\n\n<p>El Chelsea, en su comunicado, expres\u00f3: &#8220;Reconocemos y agradecemos la disculpa p\u00fablica de nuestro jugador y aprovecharemos esta situaci\u00f3n para educar. El club ha iniciado un procedimiento disciplinario interno&#8221;.<\/p>\n\n\n\n<p>Este incidente ha generado una clara divisi\u00f3n dentro del Chelsea, subrayando la importancia de abordar de manera rigurosa y educativa cualquier forma de comportamiento inapropiado dentro y fuera del campo. El club espera resolver este asunto de manera justa y efectiva, reafirmando su compromiso con los valores de inclusi\u00f3n y respeto en el deporte y la sociedad.<\/p>\n","protected":false},"excerpt":{"rendered":"<p>Luis G\u00f3mez El club londinense emiti\u00f3 un comunicado a trav\u00e9s de sus redes sociales en respuesta a los c\u00e1nticos inapropiados entonados por el jugador argentino&hellip; <\/p>\n","protected":false},"author":12,"featured_media":87021,"comment_status":"closed","ping_status":"closed","sticky":false,"template":"","format":"standard","meta":{"footnotes":""},"categories":[30,1,26],"tags":[256,5888,7940,237,384],"class_list":["post-87017","post","type-post","status-publish","format-standard","has-post-thumbnail","hentry","category-deportes","category-destacados","category-noticias","tag-chelsea","tag-deportes","tag-enzo-fernandez","tag-londres","tag-premier-league"],"_links":{"self":[{"href":"https:\/\/megavision.com.sv\/web\/wp-json\/wp\/v2\/posts\/87017","targetHints":{"allow":["GET"]}}],"collection":[{"href":"https:\/\/megavision.com.sv\/web\/wp-json\/wp\/v2\/posts"}],"about":[{"href":"https:\/\/megavision.com.sv\/web\/wp-json\/wp\/v2\/types\/post"}],"author":[{"embeddable":true,"href":"https:\/\/megavision.com.sv\/web\/wp-json\/wp\/v2\/users\/12"}],"replies":[{"embeddable":true,"href":"https:\/\/megavision.com.sv\/web\/wp-json\/wp\/v2\/comments?post=87017"}],"version-history":[{"count":1,"href":"https:\/\/megavision.com.sv\/web\/wp-json\/wp\/v2\/posts\/87017\/revisions"}],"predecessor-version":[{"id":87022,"href":"https:\/\/megavision.com.sv\/web\/wp-json\/wp\/v2\/posts\/87017\/revisions\/87022"}],"wp:featuredmedia":[{"embeddable":true,"href":"https:\/\/megavision.com.sv\/web\/wp-json\/wp\/v2\/media\/87021"}],"wp:attachment":[{"href":"https:\/\/megavision.com.sv\/web\/wp-json\/wp\/v2\/media?parent=87017"}],"wp:term":[{"taxonomy":"category","embeddable":true,"href":"https:\/\/megavision.com.sv\/web\/wp-json\/wp\/v2\/categories?post=87017"},{"taxonomy":"post_tag","embeddable":true,"href":"https:\/\/megavision.com.sv\/web\/wp-json\/wp\/v2\/tags?post=87017"}],"curies":[{"name":"wp","href":"https:\/\/api.w.org\/{rel}","templated":true}]}}