{"id":86919,"date":"2024-07-15T09:13:55","date_gmt":"2024-07-15T15:13:55","guid":{"rendered":"https:\/\/megavision.com.sv\/web\/?p=86919"},"modified":"2024-07-15T09:13:55","modified_gmt":"2024-07-15T15:13:55","slug":"policia-entra-en-diez-favelas-de-rio-para-frenar-guerra-entre-traficantes-y-milicia","status":"publish","type":"post","link":"https:\/\/megavision.com.sv\/web\/policia-entra-en-diez-favelas-de-rio-para-frenar-guerra-entre-traficantes-y-milicia\/","title":{"rendered":"Polic\u00eda entra en diez favelas de Rio para frenar guerra entre traficantes y milicia"},"content":{"rendered":"\n<p>AFP<\/p>\n\n\n\n<p>El gobierno del estado de Rio de Janeiro lanz\u00f3 este lunes una vasta operaci\u00f3n policial en diez favelas de la zona oeste de la ciudad para frenar la &#8220;guerra&#8221; entre traficantes y milicias parapoliciales en la regi\u00f3n.<\/p>\n\n\n\n<p>Unos 2.000 agentes de la Polic\u00eda Militar, Polic\u00eda Civil y otras fuerzas del orden participan desde el alba en la incursi\u00f3n, seg\u00fan el gobierno, en favelas como Ciudad de Dios, Gardenia Azul y Rio das Pedras, cercanas al lujoso barrio Barra da Tijuca.<\/p>\n\n\n\n<p>La ofensiva, que no tiene fecha para terminar, busca &#8220;acabar con la guerra desatada entre tr\u00e1fico y milicia en esta parte de la zona oeste de Rio&#8221;, afirm\u00f3 al amanecer el gobernador Claudio Castro en una conferencia de prensa en una estaci\u00f3n policial en Barra.<\/p>\n\n\n\n<p>&#8220;Es un \u00e1rea que el Comando Vermelho (CV) ha intentado recuperar de las milicias&#8221;, agreg\u00f3 Castro, en referencia al principal grupo narcotraficante de Rio.<\/p>\n\n\n\n<p>&#8220;No hay lugar donde el poder p\u00fablico no entre. Trabajaremos para retomar el orden en esta regi\u00f3n&#8221;, a\u00f1adi\u00f3 el gobernador.<\/p>\n\n\n\n<p>En la favela Ciudad de Dios, mundialmente famosa por la pel\u00edcula hom\u00f3nima de Fernando Meirelles (2002) y bajo dominio del CV, hab\u00eda una fuerte presencia policial el lunes por la ma\u00f1ana, incluidos agentes del batall\u00f3n de \u00e9lite de la polic\u00eda militar (BOPE), constat\u00f3 un periodista de la AFP.&nbsp;<\/p>\n\n\n\n<p>Las primeras horas transcurrieron sin enfrentamientos y la poblaci\u00f3n parec\u00eda seguir su vida normalmente.&nbsp;<\/p>\n\n\n\n<p>Este tipo de operaciones son frecuentes en las barriadas de Rio, donde la polic\u00eda suele enfrentarse a tiros con traficantes y la poblaci\u00f3n sufre en medio del fuego cruzado. Especialistas critican su abordaje, alegando que tiene una baja eficacia contra las organizaciones criminales.&nbsp;<\/p>\n\n\n\n<p>En 2023, el Comando Vermelho controlaba un 51,9% de los territorios de Rio de Janeiro y la regi\u00f3n metropolitana que estaban bajo control de alg\u00fan grupo armado, seg\u00fan el Mapa Hist\u00f3rico de los Grupos Armados do Rio de Janeiro elaborado por el instituto Fogo Cruzado y la Universidad Federal Fluminense.<\/p>\n\n\n\n<p>La zona oeste de Rio es la cuna hist\u00f3rica de las llamadas milicias parapoliciales, grupos armados que extorsionan a los habitantes a cambio de &#8220;protecci\u00f3n&#8221;, controlan servicios b\u00e1sicos y en los \u00faltimos a\u00f1os tambi\u00e9n incursionaron en el tr\u00e1fico de drogas y armas.<\/p>\n","protected":false},"excerpt":{"rendered":"<p>AFP El gobierno del estado de Rio de Janeiro lanz\u00f3 este lunes una vasta operaci\u00f3n policial en diez favelas de la zona oeste de la&hellip; <\/p>\n","protected":false},"author":12,"featured_media":86920,"comment_status":"closed","ping_status":"closed","sticky":false,"template":"","format":"standard","meta":{"footnotes":""},"categories":[1,26],"tags":[983,7929,150,7930],"class_list":["post-86919","post","type-post","status-publish","format-standard","has-post-thumbnail","hentry","category-destacados","category-noticias","tag-brasil","tag-favelas","tag-internacionales","tag-rio-de-janeiro"],"_links":{"self":[{"href":"https:\/\/megavision.com.sv\/web\/wp-json\/wp\/v2\/posts\/86919","targetHints":{"allow":["GET"]}}],"collection":[{"href":"https:\/\/megavision.com.sv\/web\/wp-json\/wp\/v2\/posts"}],"about":[{"href":"https:\/\/megavision.com.sv\/web\/wp-json\/wp\/v2\/types\/post"}],"author":[{"embeddable":true,"href":"https:\/\/megavision.com.sv\/web\/wp-json\/wp\/v2\/users\/12"}],"replies":[{"embeddable":true,"href":"https:\/\/megavision.com.sv\/web\/wp-json\/wp\/v2\/comments?post=86919"}],"version-history":[{"count":1,"href":"https:\/\/megavision.com.sv\/web\/wp-json\/wp\/v2\/posts\/86919\/revisions"}],"predecessor-version":[{"id":86921,"href":"https:\/\/megavision.com.sv\/web\/wp-json\/wp\/v2\/posts\/86919\/revisions\/86921"}],"wp:featuredmedia":[{"embeddable":true,"href":"https:\/\/megavision.com.sv\/web\/wp-json\/wp\/v2\/media\/86920"}],"wp:attachment":[{"href":"https:\/\/megavision.com.sv\/web\/wp-json\/wp\/v2\/media?parent=86919"}],"wp:term":[{"taxonomy":"category","embeddable":true,"href":"https:\/\/megavision.com.sv\/web\/wp-json\/wp\/v2\/categories?post=86919"},{"taxonomy":"post_tag","embeddable":true,"href":"https:\/\/megavision.com.sv\/web\/wp-json\/wp\/v2\/tags?post=86919"}],"curies":[{"name":"wp","href":"https:\/\/api.w.org\/{rel}","templated":true}]}}