{"id":86505,"date":"2024-06-26T06:18:03","date_gmt":"2024-06-26T12:18:03","guid":{"rendered":"https:\/\/megavision.com.sv\/web\/?p=86505"},"modified":"2024-06-26T06:18:03","modified_gmt":"2024-06-26T12:18:03","slug":"mueren-cuatro-personas-al-subir-al-monte-fuji","status":"publish","type":"post","link":"https:\/\/megavision.com.sv\/web\/mueren-cuatro-personas-al-subir-al-monte-fuji\/","title":{"rendered":"Mueren cuatro personas al subir al monte Fuji"},"content":{"rendered":"\n<p>AFP<\/p>\n\n\n\n<p>Cuatro personas murieron cuando intentaban ascender al monte Fuji, inform\u00f3 un medio japon\u00e9s el mi\u00e9rcoles, unos d\u00edas antes del inicio de la temporada de monta\u00f1ismo.&nbsp;<\/p>\n\n\n\n<p>Las autoridades suelen advertir a los escaladores que tengan cuidado al subir a la monta\u00f1a m\u00e1s alta de Jap\u00f3n, donde el lunes abrir\u00e1n oficialmente las rutas de senderismo.&nbsp;<\/p>\n\n\n\n<p>Los cuerpos de tres personas fueron hallados cerca del cr\u00e1ter del volc\u00e1n, mientras los servicios de rescate buscaban a un habitante de Tokio que est\u00e1 desaparecido. Este hab\u00eda escalado la monta\u00f1a y envi\u00f3 a su familia fotos hechas desde la cima el domingo, inform\u00f3 la cadena nacional NHK.<\/p>\n\n\n\n<p>La identidad de las tres v\u00edctimas a\u00fan no fue confirmada, a\u00f1adi\u00f3 la misma fuente.<\/p>\n\n\n\n<p>Adem\u00e1s, otro monta\u00f1ista llam\u00f3 a la polic\u00eda el mi\u00e9rcoles desde un sendero cercano a la cima para indicar que una persona que lo acompa\u00f1aba hab\u00eda perdido el conocimiento, inform\u00f3 el medio nip\u00f3n.<\/p>\n\n\n\n<p>El individuo fue trasladado al hospital, donde se confirm\u00f3 su muerte, agreg\u00f3 NHK.<\/p>\n\n\n\n<p>La polic\u00eda local no pudo confirmar esta informaci\u00f3n a la AFP por el momento.<\/p>\n\n\n\n<p>El monte Fuji est\u00e1 cubierto de nieve durante la mayor parte del a\u00f1o y durante la temporada de monta\u00f1ismo &#8211;de julio a septiembre&#8211; m\u00e1s de 220.000 visitantes se aventuran por sus pendientes.<\/p>\n\n\n\n<p>Muchos comienzan a ascender a\u00fan de noche para poder ver el amanecer y algunos intentan llegar a su cumbre, a 3.776 metros de altitud, sin tomar descansos, lo que puede provocar que enfermen o resulten heridos.<\/p>\n\n\n\n<p>Responsables locales advierten sobre la seguridad y la protecci\u00f3n medioambiental del lugar debido a la masiva asistencia de visitantes al monte Fuji, s\u00edmbolo de Jap\u00f3n.<\/p>\n\n\n\n<p>Los senderistas que usan la ruta m\u00e1s popular para ascender la monta\u00f1a, el sendero Yoshida, deber\u00e1n pagar 2.000 yenes (13 d\u00f3lares) por persona este verano y el n\u00famero de visitantes ser\u00e1 limitado a 4.000, una medida adoptada para luchar contra la masificaci\u00f3n.<\/p>\n","protected":false},"excerpt":{"rendered":"<p>AFP Cuatro personas murieron cuando intentaban ascender al monte Fuji, inform\u00f3 un medio japon\u00e9s el mi\u00e9rcoles, unos d\u00edas antes del inicio de la temporada de&hellip; <\/p>\n","protected":false},"author":12,"featured_media":86506,"comment_status":"closed","ping_status":"closed","sticky":false,"template":"","format":"standard","meta":{"footnotes":""},"categories":[1,26],"tags":[150,988,7886],"class_list":["post-86505","post","type-post","status-publish","format-standard","has-post-thumbnail","hentry","category-destacados","category-noticias","tag-internacionales","tag-japon","tag-monte-fuji"],"_links":{"self":[{"href":"https:\/\/megavision.com.sv\/web\/wp-json\/wp\/v2\/posts\/86505","targetHints":{"allow":["GET"]}}],"collection":[{"href":"https:\/\/megavision.com.sv\/web\/wp-json\/wp\/v2\/posts"}],"about":[{"href":"https:\/\/megavision.com.sv\/web\/wp-json\/wp\/v2\/types\/post"}],"author":[{"embeddable":true,"href":"https:\/\/megavision.com.sv\/web\/wp-json\/wp\/v2\/users\/12"}],"replies":[{"embeddable":true,"href":"https:\/\/megavision.com.sv\/web\/wp-json\/wp\/v2\/comments?post=86505"}],"version-history":[{"count":1,"href":"https:\/\/megavision.com.sv\/web\/wp-json\/wp\/v2\/posts\/86505\/revisions"}],"predecessor-version":[{"id":86507,"href":"https:\/\/megavision.com.sv\/web\/wp-json\/wp\/v2\/posts\/86505\/revisions\/86507"}],"wp:featuredmedia":[{"embeddable":true,"href":"https:\/\/megavision.com.sv\/web\/wp-json\/wp\/v2\/media\/86506"}],"wp:attachment":[{"href":"https:\/\/megavision.com.sv\/web\/wp-json\/wp\/v2\/media?parent=86505"}],"wp:term":[{"taxonomy":"category","embeddable":true,"href":"https:\/\/megavision.com.sv\/web\/wp-json\/wp\/v2\/categories?post=86505"},{"taxonomy":"post_tag","embeddable":true,"href":"https:\/\/megavision.com.sv\/web\/wp-json\/wp\/v2\/tags?post=86505"}],"curies":[{"name":"wp","href":"https:\/\/api.w.org\/{rel}","templated":true}]}}