{"id":85243,"date":"2024-05-01T19:37:00","date_gmt":"2024-05-02T01:37:00","guid":{"rendered":"https:\/\/megavision.com.sv\/web\/?p=85243"},"modified":"2024-05-01T20:38:04","modified_gmt":"2024-05-02T02:38:04","slug":"comienza-el-nuevo-periodo-de-la-asamblea-legislativa-2024-2027-con-60-escanos","status":"publish","type":"post","link":"https:\/\/megavision.com.sv\/web\/comienza-el-nuevo-periodo-de-la-asamblea-legislativa-2024-2027-con-60-escanos\/","title":{"rendered":"Comienza el nuevo periodo de la Asamblea Legislativa 2024-2027 con 60 esca\u00f1os"},"content":{"rendered":"\n<p>La Asamblea Legislativa para el periodo 2024-2027 se inaugur\u00f3 hoy en el remodelado Sal\u00f3n Azul, con 60 diputados tomando posesi\u00f3n. <\/p>\n\n\n\n<p>En la primera sesi\u00f3n, se estableci\u00f3 la comisi\u00f3n de instalaci\u00f3n para revisar credenciales y proponer la nueva Junta Directiva, ahora compuesta por 6 miembros, dos menos que en el periodo anterior. <\/p>\n\n\n\n<p>La nueva junta directiva de la Asamblea Legislativa qued\u00f3 establecida con Ernesto Castro como presidente. Las vicepresidencias ser\u00e1n ocupadas por los diputados Suecy Callejas y Rodrigo Ayala, mientras que las secretar\u00edas estar\u00e1n a cargo de la diputada Elisa Roales y los diputados Reynaldo Cadoza, Seraf\u00edn Orantes y Reinaldo Carballo.<\/p>\n\n\n\n<p>Durante la misma jornada, con 57 votos, se reestructuraron las comisiones de trabajo y se facult\u00f3 al presidente legislativo para convocar sesiones virtuales en casos de conmoci\u00f3n interna, garantizando m\u00e1xima publicidad. La iniciativa, presentada por el diputado Christian Guevara, de Nuevas Ideas, reform\u00f3 el Reglamento Interior de la Asamblea Legislativa con dispensa de tr\u00e1mites.<\/p>\n\n\n\n<figure class=\"wp-block-embed is-type-wp-embed is-provider-incrustado wp-block-embed-incrustado\"><div class=\"wp-block-embed__wrapper\">\n<blockquote class=\"wp-embedded-content\" data-secret=\"YHl4cWNLtZ\"><a href=\"https:\/\/megavision.com.sv\/web\/asi-quedarian-conformadas-las-nuevas-comisiones-legislativas\/\">As\u00ed quedar\u00edan conformadas las nuevas comisiones legislativas<\/a><\/blockquote><iframe loading=\"lazy\" class=\"wp-embedded-content\" sandbox=\"allow-scripts\" security=\"restricted\" style=\"position: absolute; clip: rect(1px, 1px, 1px, 1px);\" title=\"\u00abAs\u00ed quedar\u00edan conformadas las nuevas comisiones legislativas\u00bb \u2014 \" src=\"https:\/\/megavision.com.sv\/web\/asi-quedarian-conformadas-las-nuevas-comisiones-legislativas\/embed\/#?secret=BDm8waSnB7#?secret=YHl4cWNLtZ\" data-secret=\"YHl4cWNLtZ\" width=\"600\" height=\"338\" frameborder=\"0\" marginwidth=\"0\" marginheight=\"0\" scrolling=\"no\"><\/iframe>\n<\/div><\/figure>\n\n\n\n<p>Con la reducci\u00f3n de diputados, Nuevas Ideas, con 54 esca\u00f1os, tiene la mayor\u00eda parlamentaria para aprobar y ratificar reformas constitucionales o leyes del Ejecutivo.<\/p>\n\n\n\n<p>En contexto, la anterior legislatura vot\u00f3 a favor de modificar una norma constitucional para agilizar cambios en la Carta Magna. Este proyecto propone que las modificaciones constitucionales se aprueben durante una misma legislatura, sin necesidad de ratificaci\u00f3n en la siguiente, necesitando el apoyo de tres cuartas partes de los parlamentarios.<\/p>\n","protected":false},"excerpt":{"rendered":"<p>La Asamblea Legislativa para el periodo 2024-2027 se inaugur\u00f3 hoy en el remodelado Sal\u00f3n Azul, con 60 diputados tomando posesi\u00f3n. En la primera sesi\u00f3n, se&hellip; <\/p>\n","protected":false},"author":5,"featured_media":85244,"comment_status":"closed","ping_status":"closed","sticky":false,"template":"","format":"standard","meta":{"footnotes":""},"categories":[1,26],"tags":[],"class_list":["post-85243","post","type-post","status-publish","format-standard","has-post-thumbnail","hentry","category-destacados","category-noticias"],"_links":{"self":[{"href":"https:\/\/megavision.com.sv\/web\/wp-json\/wp\/v2\/posts\/85243","targetHints":{"allow":["GET"]}}],"collection":[{"href":"https:\/\/megavision.com.sv\/web\/wp-json\/wp\/v2\/posts"}],"about":[{"href":"https:\/\/megavision.com.sv\/web\/wp-json\/wp\/v2\/types\/post"}],"author":[{"embeddable":true,"href":"https:\/\/megavision.com.sv\/web\/wp-json\/wp\/v2\/users\/5"}],"replies":[{"embeddable":true,"href":"https:\/\/megavision.com.sv\/web\/wp-json\/wp\/v2\/comments?post=85243"}],"version-history":[{"count":1,"href":"https:\/\/megavision.com.sv\/web\/wp-json\/wp\/v2\/posts\/85243\/revisions"}],"predecessor-version":[{"id":85245,"href":"https:\/\/megavision.com.sv\/web\/wp-json\/wp\/v2\/posts\/85243\/revisions\/85245"}],"wp:featuredmedia":[{"embeddable":true,"href":"https:\/\/megavision.com.sv\/web\/wp-json\/wp\/v2\/media\/85244"}],"wp:attachment":[{"href":"https:\/\/megavision.com.sv\/web\/wp-json\/wp\/v2\/media?parent=85243"}],"wp:term":[{"taxonomy":"category","embeddable":true,"href":"https:\/\/megavision.com.sv\/web\/wp-json\/wp\/v2\/categories?post=85243"},{"taxonomy":"post_tag","embeddable":true,"href":"https:\/\/megavision.com.sv\/web\/wp-json\/wp\/v2\/tags?post=85243"}],"curies":[{"name":"wp","href":"https:\/\/api.w.org\/{rel}","templated":true}]}}