{"id":85224,"date":"2024-05-01T12:36:05","date_gmt":"2024-05-01T18:36:05","guid":{"rendered":"https:\/\/megavision.com.sv\/web\/?p=85224"},"modified":"2024-05-01T12:36:05","modified_gmt":"2024-05-01T18:36:05","slug":"especialistas-analizan-reforma-constitucional-aprobada-por-la-asamblea-legislativa","status":"publish","type":"post","link":"https:\/\/megavision.com.sv\/web\/especialistas-analizan-reforma-constitucional-aprobada-por-la-asamblea-legislativa\/","title":{"rendered":"Especialistas analizan reforma constitucional aprobada por la Asamblea Legislativa"},"content":{"rendered":"\n<p>Durante la \u00faltima sesi\u00f3n plenaria de la Asamblea Legislativa 2021 \u2013 2024, parlamentarios de la fracciones de Nuevas Ideas, GANA, PCN Y PDC aprobaron la reforma del art\u00edculo 248 de la Constituci\u00f3n de la Rep\u00fablica.<\/p>\n\n\n\n<p>El abogado, Mauricio Maravilla, se\u00f1ala que esta iniciativa es un \u201cgol\u201d en t\u00e9rminos de estrategia, ya que dicha reforma le hace ganar tiempo a la nueva Asamblea Legislativa.<\/p>\n\n\n\n<figure class=\"wp-block-embed is-type-rich is-provider-twitter wp-block-embed-twitter\"><div class=\"wp-block-embed__wrapper\">\n<blockquote class=\"twitter-tweet\" data-width=\"550\" data-dnt=\"true\"><p lang=\"es\" dir=\"ltr\"><a href=\"https:\/\/twitter.com\/hashtag\/Di%C3%A1logo21?src=hash&amp;ref_src=twsrc%5Etfw\">#Di\u00e1logo21<\/a> | \u201cLa gente que est\u00e1 detr\u00e1s de estos movimientos desde Casa Presidencial tiene una lectura muy interesante. En t\u00e9rminos de estrategia, fue un gol la reforma al art\u00edculo 248\u201d, comenta el abogado, <a href=\"https:\/\/twitter.com\/MaoMaravilla?ref_src=twsrc%5Etfw\">@MaoMaravilla<\/a>, sobre la reciente reforma constitucional. <a href=\"https:\/\/t.co\/FfoIdZobXz\">pic.twitter.com\/FfoIdZobXz<\/a><\/p>&mdash; Di\u00e1logo (@dialogo21) <a href=\"https:\/\/twitter.com\/dialogo21\/status\/1785667171890118831?ref_src=twsrc%5Etfw\">May 1, 2024<\/a><\/blockquote><script async src=\"https:\/\/platform.twitter.com\/widgets.js\" charset=\"utf-8\"><\/script>\n<\/div><\/figure>\n\n\n\n<p>Adem\u00e1s, Maravilla, comenta que esta reforma no est\u00e1 pensada para ampliar derechos, sino que, est\u00e1 dirigida a centrar m\u00e1s poder.<\/p>\n\n\n\n<figure class=\"wp-block-embed is-type-rich is-provider-twitter wp-block-embed-twitter\"><div class=\"wp-block-embed__wrapper\">\n<blockquote class=\"twitter-tweet\" data-width=\"550\" data-dnt=\"true\"><p lang=\"es\" dir=\"ltr\"><a href=\"https:\/\/twitter.com\/hashtag\/Di%C3%A1logo21?src=hash&amp;ref_src=twsrc%5Etfw\">#Di\u00e1logo21<\/a> | \u201cCreo que las intenciones detr\u00e1s de las reformas constitucionales est\u00e1n dirigidas a alterar la estructura org\u00e1nica y el dise\u00f1o institucional del Estado con el fin de concentrar m\u00e1s poder\u201d, afirma el abogado, Mauricio Maravilla (<a href=\"https:\/\/twitter.com\/MaoMaravilla?ref_src=twsrc%5Etfw\">@MaoMaravilla<\/a>). <a href=\"https:\/\/t.co\/3qvWKj3b0C\">pic.twitter.com\/3qvWKj3b0C<\/a><\/p>&mdash; Di\u00e1logo (@dialogo21) <a href=\"https:\/\/twitter.com\/dialogo21\/status\/1785665403621978513?ref_src=twsrc%5Etfw\">May 1, 2024<\/a><\/blockquote><script async src=\"https:\/\/platform.twitter.com\/widgets.js\" charset=\"utf-8\"><\/script>\n<\/div><\/figure>\n\n\n\n<p>Por su parte, el abogado, Julio Valdivieso, destaca que esta iniciativa era necesaria, debido a que la Constituci\u00f3n fue aprobada en 1983 y las condiciones sociales, econ\u00f3micas y pol\u00edticas no son iguales.<\/p>\n\n\n\n<figure class=\"wp-block-embed is-type-rich is-provider-twitter wp-block-embed-twitter\"><div class=\"wp-block-embed__wrapper\">\n<blockquote class=\"twitter-tweet\" data-width=\"550\" data-dnt=\"true\"><p lang=\"es\" dir=\"ltr\"><a href=\"https:\/\/twitter.com\/hashtag\/Di%C3%A1logo21?src=hash&amp;ref_src=twsrc%5Etfw\">#Di\u00e1logo21<\/a> | \u201cLas condiciones sociales, econ\u00f3micas y pol\u00edticas de 1983 no son las mismas que las de ahora, por lo tanto, las reformas constitucionales deben evaluarse en funci\u00f3n de la realidad actual\u201d, plantea el abogado, Julio Valdivieso. <a href=\"https:\/\/t.co\/8mLOb2JmBU\">pic.twitter.com\/8mLOb2JmBU<\/a><\/p>&mdash; Di\u00e1logo (@dialogo21) <a href=\"https:\/\/twitter.com\/dialogo21\/status\/1785655446662992215?ref_src=twsrc%5Etfw\">May 1, 2024<\/a><\/blockquote><script async src=\"https:\/\/platform.twitter.com\/widgets.js\" charset=\"utf-8\"><\/script>\n<\/div><\/figure>\n","protected":false},"excerpt":{"rendered":"<p>Durante la \u00faltima sesi\u00f3n plenaria de la Asamblea Legislativa 2021 \u2013 2024, parlamentarios de la fracciones de Nuevas Ideas, GANA, PCN Y PDC aprobaron la&hellip; <\/p>\n","protected":false},"author":5,"featured_media":85231,"comment_status":"closed","ping_status":"closed","sticky":false,"template":"","format":"standard","meta":{"footnotes":""},"categories":[1,27],"tags":[56],"class_list":["post-85224","post","type-post","status-publish","format-standard","has-post-thumbnail","hentry","category-destacados","category-entrevista","tag-el-salvador"],"_links":{"self":[{"href":"https:\/\/megavision.com.sv\/web\/wp-json\/wp\/v2\/posts\/85224","targetHints":{"allow":["GET"]}}],"collection":[{"href":"https:\/\/megavision.com.sv\/web\/wp-json\/wp\/v2\/posts"}],"about":[{"href":"https:\/\/megavision.com.sv\/web\/wp-json\/wp\/v2\/types\/post"}],"author":[{"embeddable":true,"href":"https:\/\/megavision.com.sv\/web\/wp-json\/wp\/v2\/users\/5"}],"replies":[{"embeddable":true,"href":"https:\/\/megavision.com.sv\/web\/wp-json\/wp\/v2\/comments?post=85224"}],"version-history":[{"count":1,"href":"https:\/\/megavision.com.sv\/web\/wp-json\/wp\/v2\/posts\/85224\/revisions"}],"predecessor-version":[{"id":85232,"href":"https:\/\/megavision.com.sv\/web\/wp-json\/wp\/v2\/posts\/85224\/revisions\/85232"}],"wp:featuredmedia":[{"embeddable":true,"href":"https:\/\/megavision.com.sv\/web\/wp-json\/wp\/v2\/media\/85231"}],"wp:attachment":[{"href":"https:\/\/megavision.com.sv\/web\/wp-json\/wp\/v2\/media?parent=85224"}],"wp:term":[{"taxonomy":"category","embeddable":true,"href":"https:\/\/megavision.com.sv\/web\/wp-json\/wp\/v2\/categories?post=85224"},{"taxonomy":"post_tag","embeddable":true,"href":"https:\/\/megavision.com.sv\/web\/wp-json\/wp\/v2\/tags?post=85224"}],"curies":[{"name":"wp","href":"https:\/\/api.w.org\/{rel}","templated":true}]}}