{"id":85191,"date":"2024-04-30T10:56:09","date_gmt":"2024-04-30T16:56:09","guid":{"rendered":"https:\/\/megavision.com.sv\/web\/?p=85191"},"modified":"2024-04-30T10:56:09","modified_gmt":"2024-04-30T16:56:09","slug":"arena-se-pronuncia-ante-reforma-al-articulo-248-de-la-constitucion","status":"publish","type":"post","link":"https:\/\/megavision.com.sv\/web\/arena-se-pronuncia-ante-reforma-al-articulo-248-de-la-constitucion\/","title":{"rendered":"ARENA se pronuncia ante reforma al art\u00edculo 248 de La Constituci\u00f3n"},"content":{"rendered":"\n<p><em>El partido Alianza Republicana Nacionalista (ARENA) emiti\u00f3 un comunicado esta ma\u00f1ana demostrando su descontento por la reforma al art\u00edculo 248 de la Constituci\u00f3n de la Rep\u00fablica, la cual se emiti\u00f3 ayer lunes 29 de abril.<\/em><\/p>\n\n\n\n<p><strong><em>Jorge Jos\u00e9 Cruz<\/em><\/strong><\/p>\n\n\n\n<p>En el escrito, el partido de derecha se\u00f1ala que no est\u00e1n de acuerdo con la decisi\u00f3n tomada porque perjudica las garant\u00edas constitucionales de la poblaci\u00f3n.<\/p>\n\n\n\n<p><em>\u201cRechazamos que esta reforma se llevara a cabo sin di\u00e1logo, consulta ciudadana o an\u00e1lisis previo en un claro abuso de poder en la dispensa de tr\u00e1mite, no por urgencia de pa\u00eds, sino para asegurar la acumulaci\u00f3n desmedida de poder en detrimento del imperio de la Ley y de las garant\u00edas constitucionales que protegen a los ciudadanos.\u201d<\/em>, se\u00f1ala el comunicado.<\/p>\n\n\n\n<p>En el pronunciamiento, ARENA destaca que esta reforma <em>\u201cdeja desprotegida a la ciudadan\u00eda ante arbitrariedades, abusos y antojos\u201d<\/em>. A la vez, invitan a la poblaci\u00f3n a defender y a reflexionar sobre los principios democr\u00e1ticos y a exigir transparencia.<\/p>\n\n\n\n<p><em>\u201cLlamamos a todos los salvadore\u00f1os a la reflexi\u00f3n y a la defensa de los principios democr\u00e1ticos, exigiendo transparencia, participaci\u00f3n ciudadana y respeto a la Constituci\u00f3n en cualquier proceso de reforma.\u201d<\/em><\/p>\n\n\n\n<p>El presidente de ARENA, Carlos Saade, tambi\u00e9n se manifiesta en dicha declaraci\u00f3n y se\u00f1ala que como presidente del partido externa una profunda preocupaci\u00f3n ante el escenario que se presenta.<\/p>\n\n\n\n<p><em>\u201cComo presidente de ARENA, externamos nuestra profunda preocupaci\u00f3n ante este escenario de violencia hacia la democracia que tanto ha costado conseguir en nuestro pa\u00eds, as\u00ed como la vulneraci\u00f3n de la seguridad jur\u00eddica en nuestro pa\u00eds, eso no genera confianza al inversor extranjero ni al mismo salvadore\u00f1o.\u201d<\/em>, destaca Saade.<\/p>\n\n\n\n<p>Por su parte, el exdiputado del FMLN, Carlos Ruiz, tambi\u00e9n se pronunci\u00f3 y dijo que la reforma al art\u00edculo es un retraso en la pol\u00edtica del pa\u00eds.<\/p>\n\n\n\n<p><em>\u201cLo que significa es un atraso de grandes dimensiones, ahora el pa\u00eds queda amarrado a la voluntad de un grupo muy peque\u00f1o y de un grupo que cobra m\u00e1s trascendencia econ\u00f3micamente hablando y que somete al pa\u00eds a su voluntad\u201d<\/em>, puntualiz\u00f3 el exfuncionario.<\/p>\n","protected":false},"excerpt":{"rendered":"<p>El partido Alianza Republicana Nacionalista (ARENA) emiti\u00f3 un comunicado esta ma\u00f1ana demostrando su descontento por la reforma al art\u00edculo 248 de la Constituci\u00f3n de la&hellip; <\/p>\n","protected":false},"author":8,"featured_media":0,"comment_status":"closed","ping_status":"closed","sticky":false,"template":"","format":"standard","meta":{"footnotes":""},"categories":[1,26],"tags":[795,1301,56,110,501,6967],"class_list":["post-85191","post","type-post","status-publish","format-standard","hentry","category-destacados","category-noticias","tag-arena","tag-asamblea-legislativa","tag-el-salvador","tag-fmln","tag-grupo-megavision","tag-politica-2"],"_links":{"self":[{"href":"https:\/\/megavision.com.sv\/web\/wp-json\/wp\/v2\/posts\/85191","targetHints":{"allow":["GET"]}}],"collection":[{"href":"https:\/\/megavision.com.sv\/web\/wp-json\/wp\/v2\/posts"}],"about":[{"href":"https:\/\/megavision.com.sv\/web\/wp-json\/wp\/v2\/types\/post"}],"author":[{"embeddable":true,"href":"https:\/\/megavision.com.sv\/web\/wp-json\/wp\/v2\/users\/8"}],"replies":[{"embeddable":true,"href":"https:\/\/megavision.com.sv\/web\/wp-json\/wp\/v2\/comments?post=85191"}],"version-history":[{"count":1,"href":"https:\/\/megavision.com.sv\/web\/wp-json\/wp\/v2\/posts\/85191\/revisions"}],"predecessor-version":[{"id":85192,"href":"https:\/\/megavision.com.sv\/web\/wp-json\/wp\/v2\/posts\/85191\/revisions\/85192"}],"wp:attachment":[{"href":"https:\/\/megavision.com.sv\/web\/wp-json\/wp\/v2\/media?parent=85191"}],"wp:term":[{"taxonomy":"category","embeddable":true,"href":"https:\/\/megavision.com.sv\/web\/wp-json\/wp\/v2\/categories?post=85191"},{"taxonomy":"post_tag","embeddable":true,"href":"https:\/\/megavision.com.sv\/web\/wp-json\/wp\/v2\/tags?post=85191"}],"curies":[{"name":"wp","href":"https:\/\/api.w.org\/{rel}","templated":true}]}}