{"id":84967,"date":"2024-04-24T09:27:19","date_gmt":"2024-04-24T15:27:19","guid":{"rendered":"https:\/\/megavision.com.sv\/web\/?p=84967"},"modified":"2024-04-24T09:28:19","modified_gmt":"2024-04-24T15:28:19","slug":"fuerte-accidente-de-transito-dejo-a-3-personas-atrapadas-dentro-de-un-vehiculo-en-soyapango","status":"publish","type":"post","link":"https:\/\/megavision.com.sv\/web\/fuerte-accidente-de-transito-dejo-a-3-personas-atrapadas-dentro-de-un-vehiculo-en-soyapango\/","title":{"rendered":"Fuerte accidente de tr\u00e1nsito dej\u00f3 a 3 personas atrapadas dentro de un veh\u00edculo en Soyapango"},"content":{"rendered":"\n<p>William Santos<\/p>\n\n\n\n<p>Varias personas resultaron lesionadas en un accidente de tr\u00e1nsito ocurrido esta madrugada en el bulevar del Ej\u00e9rcito, a la altura de Terminal Nuevo Amanecer, Soyapango. En el incidente, una volqueta colision\u00f3 con un cami\u00f3n peque\u00f1o, al rededor de 15 personas resultaron lesionadas y 3 quedaron atrapadas dentro de un veh\u00edculo.<\/p>\n\n\n\n<p>El accidente tuvo lugar cuando el autom\u00f3vil, que circulaba hacia arriba por el bulevar del Ej\u00e9rcito, colision\u00f3 con la volqueta con placas C 127-147, que hab\u00eda girado para incorporarse a la avenida Pablo Yesak. Los heridos recibieron atenci\u00f3n por parte de socorristas de Cruz Verde, Cruz Roja, Comandos de Salvamento y el Sistema de Emergencias M\u00e9dicas 132.<\/p>\n\n\n\n<p>La Polic\u00eda Nacional Civil inform\u00f3 que todos los lesionados fueron trasladados a un centro asistencial.<\/p>\n\n\n\n<figure class=\"wp-block-embed is-type-rich is-provider-twitter wp-block-embed-twitter\"><div class=\"wp-block-embed__wrapper\">\n<blockquote class=\"twitter-tweet\" data-width=\"550\" data-dnt=\"true\"><p lang=\"es\" dir=\"ltr\">Esta madrugada verificamos un accidente de tr\u00e1nsito donde varias personas resultaron lesionadas en el bulevar del Ej\u00e9rcito, a la altura de Terminal Nuevo Amanecer, Soyapango.<br><br>Todas las v\u00edctimas fueron trasladadas a un hospital.<br><br>En el percance, una volqueta choc\u00f3 contra un\u2026 <a href=\"https:\/\/t.co\/6u6nL0hXAS\">pic.twitter.com\/6u6nL0hXAS<\/a><\/p>&mdash; PNC El Salvador (@PNCSV) <a href=\"https:\/\/twitter.com\/PNCSV\/status\/1783099296931266829?ref_src=twsrc%5Etfw\">April 24, 2024<\/a><\/blockquote><script async src=\"https:\/\/platform.twitter.com\/widgets.js\" charset=\"utf-8\"><\/script>\n<\/div><\/figure>\n\n\n\n<p><strong>Accidente en carretera Los Chorros.<\/strong><\/p>\n\n\n\n<p>Un accidente de tr\u00e1nsito dej\u00f3 dos personas heridas en la carretera Panamericana, en el municipio de Col\u00f3n, La Libertad, durante la madrugada de este mi\u00e9rcoles, seg\u00fan informes de Comandos de Salvamento. El incidente ocurri\u00f3 en el carril que conduce hacia la zona conocida como Los Chorros, frente a una gasolinera.<\/p>\n\n\n\n<p>Las v\u00edctimas quedaron atrapadas en el veh\u00edculo y fueron liberadas con la ayuda de Cruz Verde Salvadore\u00f1a para luego ser trasladadas a un hospital.<\/p>\n\n\n\n<p>Cruz Verde recibi\u00f3 la alerta sobre el accidente a las 4:30 a.m. a trav\u00e9s del sistema de emergencias 911. Tambi\u00e9n acudieron al lugar agentes de tr\u00e1nsito de la Polic\u00eda Nacional Civil (PNC) y personal del Viceministerio de Transporte (VMT).<\/p>\n\n\n\n<p>Horas m\u00e1s tarde el Viceministerio de Transporte indic\u00f3 que el tr\u00e1fico en la zona se hab\u00eda normalizado.<\/p>\n\n\n\n<figure class=\"wp-block-embed is-type-rich is-provider-twitter wp-block-embed-twitter\"><div class=\"wp-block-embed__wrapper\">\n<blockquote class=\"twitter-tweet\" data-width=\"550\" data-dnt=\"true\"><p lang=\"es\" dir=\"ltr\">En estos momentos se finalizan los trabajos de alineaci\u00f3n de separadores en el ingreso hacia Col\u00f3n.<br><br>El paso vehicular se encuentra habilitado en sentido hacia Santa Tecla. <a href=\"https:\/\/t.co\/orzSljlTmG\">https:\/\/t.co\/orzSljlTmG<\/a> <a href=\"https:\/\/t.co\/b972J9bCTU\">pic.twitter.com\/b972J9bCTU<\/a><\/p>&mdash; VMT (@VMTElSalvador) <a href=\"https:\/\/twitter.com\/VMTElSalvador\/status\/1783100677125820863?ref_src=twsrc%5Etfw\">April 24, 2024<\/a><\/blockquote><script async src=\"https:\/\/platform.twitter.com\/widgets.js\" charset=\"utf-8\"><\/script>\n<\/div><\/figure>\n\n\n\n<p><strong>Motociclista fallece al chocar contra un cabezal estacionado.<\/strong><\/p>\n\n\n\n<p>Un motociclista falleci\u00f3 en un accidente de tr\u00e1nsito en el km 105 de la carretera que conduce desde la frontera La Hachadura hacia Sonsonate. La v\u00edctima impact\u00f3 contra un cabezal que estaba estacionado en la zona.<\/p>\n\n\n\n<figure class=\"wp-block-image size-large\"><img loading=\"lazy\" decoding=\"async\" width=\"1024\" height=\"461\" src=\"https:\/\/megavision.com.sv\/web\/wp-content\/uploads\/2024\/04\/GL7dsl5WgAAUNTa-1024x461.jpg\" alt=\"\" class=\"wp-image-84968\" srcset=\"https:\/\/megavision.com.sv\/web\/wp-content\/uploads\/2024\/04\/GL7dsl5WgAAUNTa-1024x461.jpg 1024w, https:\/\/megavision.com.sv\/web\/wp-content\/uploads\/2024\/04\/GL7dsl5WgAAUNTa-300x135.jpg 300w, https:\/\/megavision.com.sv\/web\/wp-content\/uploads\/2024\/04\/GL7dsl5WgAAUNTa-768x346.jpg 768w, https:\/\/megavision.com.sv\/web\/wp-content\/uploads\/2024\/04\/GL7dsl5WgAAUNTa.jpg 1280w\" sizes=\"auto, (max-width: 1024px) 100vw, 1024px\" \/><\/figure>\n\n\n\n<p><\/p>\n\n\n\n<p>Seg\u00fan el Observatorio Nacional de Seguridad Vial, del 1 de enero al 23 de abril, se registraron 6,054 siniestros viales, 3,562 lesionados y 412 fallecidos.<\/p>\n","protected":false},"excerpt":{"rendered":"<p>William Santos Varias personas resultaron lesionadas en un accidente de tr\u00e1nsito ocurrido esta madrugada en el bulevar del Ej\u00e9rcito, a la altura de Terminal Nuevo&hellip; <\/p>\n","protected":false},"author":12,"featured_media":84970,"comment_status":"closed","ping_status":"closed","sticky":false,"template":"","format":"standard","meta":{"footnotes":""},"categories":[1,26],"tags":[7159,56,3687],"class_list":["post-84967","post","type-post","status-publish","format-standard","has-post-thumbnail","hentry","category-destacados","category-noticias","tag-accidente-de-transito","tag-el-salvador","tag-soyapango"],"_links":{"self":[{"href":"https:\/\/megavision.com.sv\/web\/wp-json\/wp\/v2\/posts\/84967","targetHints":{"allow":["GET"]}}],"collection":[{"href":"https:\/\/megavision.com.sv\/web\/wp-json\/wp\/v2\/posts"}],"about":[{"href":"https:\/\/megavision.com.sv\/web\/wp-json\/wp\/v2\/types\/post"}],"author":[{"embeddable":true,"href":"https:\/\/megavision.com.sv\/web\/wp-json\/wp\/v2\/users\/12"}],"replies":[{"embeddable":true,"href":"https:\/\/megavision.com.sv\/web\/wp-json\/wp\/v2\/comments?post=84967"}],"version-history":[{"count":3,"href":"https:\/\/megavision.com.sv\/web\/wp-json\/wp\/v2\/posts\/84967\/revisions"}],"predecessor-version":[{"id":84972,"href":"https:\/\/megavision.com.sv\/web\/wp-json\/wp\/v2\/posts\/84967\/revisions\/84972"}],"wp:featuredmedia":[{"embeddable":true,"href":"https:\/\/megavision.com.sv\/web\/wp-json\/wp\/v2\/media\/84970"}],"wp:attachment":[{"href":"https:\/\/megavision.com.sv\/web\/wp-json\/wp\/v2\/media?parent=84967"}],"wp:term":[{"taxonomy":"category","embeddable":true,"href":"https:\/\/megavision.com.sv\/web\/wp-json\/wp\/v2\/categories?post=84967"},{"taxonomy":"post_tag","embeddable":true,"href":"https:\/\/megavision.com.sv\/web\/wp-json\/wp\/v2\/tags?post=84967"}],"curies":[{"name":"wp","href":"https:\/\/api.w.org\/{rel}","templated":true}]}}