{"id":84855,"date":"2024-04-22T09:26:46","date_gmt":"2024-04-22T15:26:46","guid":{"rendered":"https:\/\/megavision.com.sv\/web\/?p=84855"},"modified":"2024-04-22T09:26:46","modified_gmt":"2024-04-22T15:26:46","slug":"capturan-a-palabrero-de-la-18r-que-amenazaba-a-habitantes-de-panchimalco","status":"publish","type":"post","link":"https:\/\/megavision.com.sv\/web\/capturan-a-palabrero-de-la-18r-que-amenazaba-a-habitantes-de-panchimalco\/","title":{"rendered":"Capturan a palabrero de la 18R que amenazaba a habitantes de Panchimalco"},"content":{"rendered":"\n<p>William Santos<\/p>\n\n\n\n<p>La Polic\u00eda Nacional Civil (PNC) inform\u00f3 este fin de semana la captura de Julio C\u00e9sar Deaodanes Ort\u00edz, conocido como Conejo, en un mes\u00f3n ubicado en la colonia San Francisco de Ciudad Delgado, San Salvador. Julio ten\u00eda dos \u00f3rdenes de captura por los delitos de extorsi\u00f3n agravada y limitaci\u00f3n ilegal a la libertad de circulaci\u00f3n, emitidas por un juez de San Salvador.<\/p>\n\n\n\n<figure class=\"wp-block-image size-full is-resized\"><img loading=\"lazy\" decoding=\"async\" width=\"288\" height=\"506\" src=\"https:\/\/megavision.com.sv\/web\/wp-content\/uploads\/2024\/04\/e24974a7-3a78-4f11-aaef-1d7eee028d69.jpg\" alt=\"\" class=\"wp-image-84856\" style=\"aspect-ratio:0.5691699604743083;width:574px;height:auto\" srcset=\"https:\/\/megavision.com.sv\/web\/wp-content\/uploads\/2024\/04\/e24974a7-3a78-4f11-aaef-1d7eee028d69.jpg 288w, https:\/\/megavision.com.sv\/web\/wp-content\/uploads\/2024\/04\/e24974a7-3a78-4f11-aaef-1d7eee028d69-171x300.jpg 171w\" sizes=\"auto, (max-width: 288px) 100vw, 288px\" \/><\/figure>\n\n\n\n<p>Este individuo, considerado peligroso, perpetraba sus delitos en los cantones de Panchimalco, donde intimidaba a la poblaci\u00f3n con un fusil M16. Seg\u00fan informaci\u00f3n de inteligencia policial, antes de la Guerra Contra Pandillas, era colaborador; sin embargo, con la captura de los palabreros, ascendi\u00f3 a la categor\u00eda de homeboy y palabrero.<\/p>\n\n\n\n<p>Adem\u00e1s, es hermano de alias Saylor, quien ya est\u00e1 bajo custodia. Ser\u00e1 trasladado directamente al Centro de Confinamiento del Terrorismo (CECOT), donde responder\u00e1 por sus cr\u00edmenes.<\/p>\n\n\n\n<p><strong>Arrestan a gatillero de la 18S con antecedentes de homicidio.<\/strong><\/p>\n\n\n\n<p>El ministro de Justicia y Seguridad P\u00fablica, Gustavo Villatoro, inform\u00f3 a trav\u00e9s de su cuenta de &#8220;X&#8221; (@Vi11atoro), la captura de un peligroso terrorista, buscado por el crimen de homicidio. Mauricio Arnoldo Hern\u00e1ndez Chicas, alias &#8220;Lobo&#8221;, es miembro de la pandilla 18S y se desempe\u00f1aba como gatillero.<\/p>\n\n\n\n<figure class=\"wp-block-embed is-type-rich is-provider-twitter wp-block-embed-twitter\"><div class=\"wp-block-embed__wrapper\">\n<blockquote class=\"twitter-tweet\" data-width=\"550\" data-dnt=\"true\"><p lang=\"es\" dir=\"ltr\">Este terrorista recibir\u00e1 todo el peso de la ley, le lleg\u00f3 la hora de pagar ante la <a href=\"https:\/\/twitter.com\/hashtag\/justicia?src=hash&amp;ref_src=twsrc%5Etfw\">#justicia<\/a> por sus cr\u00edmenes.<br><br>Tras el eficaz trabajo de nuestra <a href=\"https:\/\/twitter.com\/PNCSV?ref_src=twsrc%5Etfw\">@PNCSV<\/a>, hemos capturado a Mauricio Arnoldo Hern\u00e1ndez Chicas, conocido como \u201cLobo\u201d, quien es miembro de la pandilla 18S y desempe\u00f1a la\u2026 <a href=\"https:\/\/t.co\/cVHxTJpIMF\">pic.twitter.com\/cVHxTJpIMF<\/a><\/p>&mdash; Gustavo Villatoro \ud83c\uddf8\ud83c\uddfb (@Vi11atoro) <a href=\"https:\/\/twitter.com\/Vi11atoro\/status\/1782410267558588871?ref_src=twsrc%5Etfw\">April 22, 2024<\/a><\/blockquote><script async src=\"https:\/\/platform.twitter.com\/widgets.js\" charset=\"utf-8\"><\/script>\n<\/div><\/figure>\n\n\n\n<p>&#8220;Este terrorista recibir\u00e1 todo el peso de la ley, le lleg\u00f3 la hora de pagar ante la justicia por sus cr\u00edmenes&#8221;, agreg\u00f3 el ministro Villatoro.<\/p>\n\n\n\n<p>Mauricio ser\u00e1 procesado por los delitos de agrupaciones il\u00edcitas y pagar\u00e1 con d\u00e9cadas en prisi\u00f3n, asegurando as\u00ed que se haga justicia y se proteja a la sociedad de sus acciones criminales.<\/p>\n","protected":false},"excerpt":{"rendered":"<p>William Santos La Polic\u00eda Nacional Civil (PNC) inform\u00f3 este fin de semana la captura de Julio C\u00e9sar Deaodanes Ort\u00edz, conocido como Conejo, en un mes\u00f3n&hellip; <\/p>\n","protected":false},"author":12,"featured_media":84857,"comment_status":"closed","ping_status":"closed","sticky":false,"template":"","format":"standard","meta":{"footnotes":""},"categories":[1,26],"tags":[56,6902],"class_list":["post-84855","post","type-post","status-publish","format-standard","has-post-thumbnail","hentry","category-destacados","category-noticias","tag-el-salvador","tag-guerra-contra-pandillas"],"_links":{"self":[{"href":"https:\/\/megavision.com.sv\/web\/wp-json\/wp\/v2\/posts\/84855","targetHints":{"allow":["GET"]}}],"collection":[{"href":"https:\/\/megavision.com.sv\/web\/wp-json\/wp\/v2\/posts"}],"about":[{"href":"https:\/\/megavision.com.sv\/web\/wp-json\/wp\/v2\/types\/post"}],"author":[{"embeddable":true,"href":"https:\/\/megavision.com.sv\/web\/wp-json\/wp\/v2\/users\/12"}],"replies":[{"embeddable":true,"href":"https:\/\/megavision.com.sv\/web\/wp-json\/wp\/v2\/comments?post=84855"}],"version-history":[{"count":2,"href":"https:\/\/megavision.com.sv\/web\/wp-json\/wp\/v2\/posts\/84855\/revisions"}],"predecessor-version":[{"id":84859,"href":"https:\/\/megavision.com.sv\/web\/wp-json\/wp\/v2\/posts\/84855\/revisions\/84859"}],"wp:featuredmedia":[{"embeddable":true,"href":"https:\/\/megavision.com.sv\/web\/wp-json\/wp\/v2\/media\/84857"}],"wp:attachment":[{"href":"https:\/\/megavision.com.sv\/web\/wp-json\/wp\/v2\/media?parent=84855"}],"wp:term":[{"taxonomy":"category","embeddable":true,"href":"https:\/\/megavision.com.sv\/web\/wp-json\/wp\/v2\/categories?post=84855"},{"taxonomy":"post_tag","embeddable":true,"href":"https:\/\/megavision.com.sv\/web\/wp-json\/wp\/v2\/tags?post=84855"}],"curies":[{"name":"wp","href":"https:\/\/api.w.org\/{rel}","templated":true}]}}