{"id":84484,"date":"2024-04-12T10:14:29","date_gmt":"2024-04-12T16:14:29","guid":{"rendered":"https:\/\/megavision.com.sv\/web\/?p=84484"},"modified":"2024-04-12T10:14:29","modified_gmt":"2024-04-12T16:14:29","slug":"inauguran-centro-de-operaciones-en-emergencias-de-salud","status":"publish","type":"post","link":"https:\/\/megavision.com.sv\/web\/inauguran-centro-de-operaciones-en-emergencias-de-salud\/","title":{"rendered":"Inauguran Centro de Operaciones en Emergencias de Salud"},"content":{"rendered":"\n<p><strong>William Santos.<\/strong><\/p>\n\n\n\n<p>Autoridades del Ministerio de Salud inauguraron ayer el Centro de Operaciones en Emergencias de Salud (COESP), que estar\u00e1 en las instalaciones del Sistema de Emergencias M\u00e9dicas (SEM).<\/p>\n\n\n\n<p>El proyecto tuvo un costo de 130 mil d\u00f3lares, es desarrollado en conjunto con la Agencia de los Estados Unidos para el Desarrollo Internacional (USAID), as\u00ed lo inform\u00f3 el ministro de Salud, Francisco Alabi.<\/p>\n\n\n\n<p>\u201cEs una alegr\u00eda el poder estar ahora inaugurando este Centro de Operaciones en Emergencias de Salud P\u00fablica (COESP)\u201d, dijo el ministro Alabi.<\/p>\n\n\n\n<p>El COESP es un espacio que permitir\u00e1 coordinar informaci\u00f3n y recursos, a fin de apoyar las actividades de gesti\u00f3n de incidentes, con el que se podr\u00e1 responder oportunamente a emergencias, incluso ante situaciones de escala internacional.<\/p>\n\n\n\n<figure class=\"wp-block-image size-large\"><img loading=\"lazy\" decoding=\"async\" width=\"1024\" height=\"682\" src=\"https:\/\/megavision.com.sv\/web\/wp-content\/uploads\/2024\/04\/GK6mgDvb0AAbohu-1024x682.jpg\" alt=\"\" class=\"wp-image-84486\" srcset=\"https:\/\/megavision.com.sv\/web\/wp-content\/uploads\/2024\/04\/GK6mgDvb0AAbohu-1024x682.jpg 1024w, https:\/\/megavision.com.sv\/web\/wp-content\/uploads\/2024\/04\/GK6mgDvb0AAbohu-300x200.jpg 300w, https:\/\/megavision.com.sv\/web\/wp-content\/uploads\/2024\/04\/GK6mgDvb0AAbohu-768x512.jpg 768w, https:\/\/megavision.com.sv\/web\/wp-content\/uploads\/2024\/04\/GK6mgDvb0AAbohu.jpg 1280w\" sizes=\"auto, (max-width: 1024px) 100vw, 1024px\" \/><\/figure>\n\n\n\n<p>Cortes\u00eda.<\/p>\n\n\n\n<p>\u201cVimos como en un momento a escala internacional, a trav\u00e9s de una enfermedad, la vida cambi\u00f3 y vimos c\u00f3mo estamos delimitados a poder dar una respuesta y partiendo de esto hubo que hacer muchos cambios y trabajar muchos planes\u201d, expres\u00f3 Alabi.<\/p>\n\n\n\n<p>Por su parte, el director de USAID, Chris Cushing, dijo sentirse contento por el lanzamiento del COESP, que a su parecer no solo es importante a nivel nacional, sino tambi\u00e9n a nivel de regi\u00f3n.<\/p>\n\n\n\n<p>\u201cMe alegro de estar en el lanzamiento de este centro de emergencias, un hito tan importante no solo para el Ministerio de Salud, sino para todo el pa\u00eds y la regi\u00f3n centroamericana\u201d, mencion\u00f3 Cushing.<\/p>\n\n\n\n<p>Seg\u00fan las autoridades, con el COESP se tiene contemplada la parte sanitaria zoon\u00f3tica, la parte sanitaria medioambiental y la parte sanitaria tradicional, para combatir enfermedades del d\u00eda a d\u00eda.<\/p>\n","protected":false},"excerpt":{"rendered":"<p>William Santos. Autoridades del Ministerio de Salud inauguraron ayer el Centro de Operaciones en Emergencias de Salud (COESP), que estar\u00e1 en las instalaciones del Sistema&hellip; <\/p>\n","protected":false},"author":12,"featured_media":84485,"comment_status":"closed","ping_status":"closed","sticky":false,"template":"","format":"standard","meta":{"footnotes":""},"categories":[1,26],"tags":[56,93,233,903],"class_list":["post-84484","post","type-post","status-publish","format-standard","has-post-thumbnail","hentry","category-destacados","category-noticias","tag-el-salvador","tag-ministerio-de-salud","tag-salud","tag-usaid"],"_links":{"self":[{"href":"https:\/\/megavision.com.sv\/web\/wp-json\/wp\/v2\/posts\/84484","targetHints":{"allow":["GET"]}}],"collection":[{"href":"https:\/\/megavision.com.sv\/web\/wp-json\/wp\/v2\/posts"}],"about":[{"href":"https:\/\/megavision.com.sv\/web\/wp-json\/wp\/v2\/types\/post"}],"author":[{"embeddable":true,"href":"https:\/\/megavision.com.sv\/web\/wp-json\/wp\/v2\/users\/12"}],"replies":[{"embeddable":true,"href":"https:\/\/megavision.com.sv\/web\/wp-json\/wp\/v2\/comments?post=84484"}],"version-history":[{"count":1,"href":"https:\/\/megavision.com.sv\/web\/wp-json\/wp\/v2\/posts\/84484\/revisions"}],"predecessor-version":[{"id":84487,"href":"https:\/\/megavision.com.sv\/web\/wp-json\/wp\/v2\/posts\/84484\/revisions\/84487"}],"wp:featuredmedia":[{"embeddable":true,"href":"https:\/\/megavision.com.sv\/web\/wp-json\/wp\/v2\/media\/84485"}],"wp:attachment":[{"href":"https:\/\/megavision.com.sv\/web\/wp-json\/wp\/v2\/media?parent=84484"}],"wp:term":[{"taxonomy":"category","embeddable":true,"href":"https:\/\/megavision.com.sv\/web\/wp-json\/wp\/v2\/categories?post=84484"},{"taxonomy":"post_tag","embeddable":true,"href":"https:\/\/megavision.com.sv\/web\/wp-json\/wp\/v2\/tags?post=84484"}],"curies":[{"name":"wp","href":"https:\/\/api.w.org\/{rel}","templated":true}]}}