{"id":83698,"date":"2024-03-14T21:55:32","date_gmt":"2024-03-15T03:55:32","guid":{"rendered":"https:\/\/megavision.com.sv\/web\/?p=83698"},"modified":"2024-03-14T21:55:32","modified_gmt":"2024-03-15T03:55:32","slug":"japon-suspende-vertido-de-agua-de-fukushima-por-precaucion-tras-un-sismo","status":"publish","type":"post","link":"https:\/\/megavision.com.sv\/web\/japon-suspende-vertido-de-agua-de-fukushima-por-precaucion-tras-un-sismo\/","title":{"rendered":"Jap\u00f3n suspende vertido de agua de Fukushima por precauci\u00f3n tras un sismo"},"content":{"rendered":"\n<p><strong><em>AFP<\/em><\/strong><\/p>\n\n\n\n<p>Jap\u00f3n suspendi\u00f3 el viernes el vertido del agua residual de la siniestrada central nuclear de Fukushima despu\u00e9s de un terremoto, anunci\u00f3 el operador de la planta, quien se\u00f1al\u00f3 que es una acci\u00f3n preventiva.<\/p>\n\n\n\n<p>Seg\u00fan la Agencia Meteorol\u00f3gica de Jap\u00f3n, un terremoto de magnitud de 5,8 sacudi\u00f3 la regi\u00f3n de Fukushima, en el noreste, donde se encuentra esta planta nuclear destruida por un sismo y un tsunami en 2011.<\/p>\n\n\n\n<p>El operador de la central TEPCO explic\u00f3 que la sacudida no provoc\u00f3 &#8220;anormalidades en las instalaciones de diluci\u00f3n y descarga de agua tratada&#8221; pero que, &#8220;por precauci\u00f3n, se han suspendido las operaciones en las instalaciones&#8221;.<\/p>\n\n\n\n<p>El regulador nuclear de Jap\u00f3n tambi\u00e9n afirm\u00f3 que no se detectaron anormalidades en la central Fukushima Daiichi.<\/p>\n\n\n\n<p>TEPCO empez\u00f3 en agosto el vertido del equivalente de 540 piscinas ol\u00edmpicas de agua residual recogida en la central despu\u00e9s del accidente de 2011 y tratada para eliminar sus elementos radioactivos.<\/p>\n\n\n\n<p>La ONU ha respaldado la seguridad del plan, pero Rusia y China criticaron el vertido que, seg\u00fan ellos, contamina el medioambiente.<\/p>\n","protected":false},"excerpt":{"rendered":"<p>Jap\u00f3n suspendi\u00f3 el viernes el vertido del agua residual de la siniestrada central nuclear de Fukushima despu\u00e9s de un terremoto, anunci\u00f3 el operador de la planta, quien se\u00f1al\u00f3 que es una acci\u00f3n preventiva.<\/p>\n","protected":false},"author":8,"featured_media":83699,"comment_status":"closed","ping_status":"closed","sticky":false,"template":"","format":"standard","meta":{"footnotes":""},"categories":[1,26],"tags":[7242,988,968,7257],"class_list":["post-83698","post","type-post","status-publish","format-standard","has-post-thumbnail","hentry","category-destacados","category-noticias","tag-fukushima","tag-japon","tag-sismo","tag-vertido"],"_links":{"self":[{"href":"https:\/\/megavision.com.sv\/web\/wp-json\/wp\/v2\/posts\/83698","targetHints":{"allow":["GET"]}}],"collection":[{"href":"https:\/\/megavision.com.sv\/web\/wp-json\/wp\/v2\/posts"}],"about":[{"href":"https:\/\/megavision.com.sv\/web\/wp-json\/wp\/v2\/types\/post"}],"author":[{"embeddable":true,"href":"https:\/\/megavision.com.sv\/web\/wp-json\/wp\/v2\/users\/8"}],"replies":[{"embeddable":true,"href":"https:\/\/megavision.com.sv\/web\/wp-json\/wp\/v2\/comments?post=83698"}],"version-history":[{"count":1,"href":"https:\/\/megavision.com.sv\/web\/wp-json\/wp\/v2\/posts\/83698\/revisions"}],"predecessor-version":[{"id":83700,"href":"https:\/\/megavision.com.sv\/web\/wp-json\/wp\/v2\/posts\/83698\/revisions\/83700"}],"wp:featuredmedia":[{"embeddable":true,"href":"https:\/\/megavision.com.sv\/web\/wp-json\/wp\/v2\/media\/83699"}],"wp:attachment":[{"href":"https:\/\/megavision.com.sv\/web\/wp-json\/wp\/v2\/media?parent=83698"}],"wp:term":[{"taxonomy":"category","embeddable":true,"href":"https:\/\/megavision.com.sv\/web\/wp-json\/wp\/v2\/categories?post=83698"},{"taxonomy":"post_tag","embeddable":true,"href":"https:\/\/megavision.com.sv\/web\/wp-json\/wp\/v2\/tags?post=83698"}],"curies":[{"name":"wp","href":"https:\/\/api.w.org\/{rel}","templated":true}]}}