{"id":82947,"date":"2024-02-20T10:38:38","date_gmt":"2024-02-20T16:38:38","guid":{"rendered":"https:\/\/megavision.com.sv\/web\/?p=82947"},"modified":"2024-02-20T10:38:38","modified_gmt":"2024-02-20T16:38:38","slug":"la-torre-eiffel-se-mantiene-cerrada-debido-a-una-huelga","status":"publish","type":"post","link":"https:\/\/megavision.com.sv\/web\/la-torre-eiffel-se-mantiene-cerrada-debido-a-una-huelga\/","title":{"rendered":"La Torre Eiffel se mantiene cerrada debido a una huelga"},"content":{"rendered":"\n<p>AFP<\/p>\n\n\n\n<p>La Torre Eiffel se encamina a una tercera jornada de cierre el mi\u00e9rcoles a causa de una huelga de su personal, confirm\u00f3 el martes a AFP un representante sindical.<\/p>\n\n\n\n<p>El monumento m\u00e1s popular de Par\u00eds mantiene sus puertas cerradas desde el lunes y un representante sindical, St\u00e9phane Dieu, declar\u00f3 que &#8220;no hay ninguna posibilidad de que esto se desbloquee en la noche&#8221;.<\/p>\n\n\n\n<p>Los dos sindicatos del personal, FO y CGT, convocaron la huelga para &#8220;denunciar la gesti\u00f3n actual&#8221; del monumento.<\/p>\n\n\n\n<p>La empresa que gestiona la torre, SETE, tiene unos 360 trabajadores e indic\u00f3 a los visitantes que compraron en l\u00ednea sus entradas que les mantendr\u00e1 informados a trav\u00e9s de su correo electr\u00f3nico.<\/p>\n\n\n\n<p>El cierre provoc\u00f3 la frustraci\u00f3n de muchos visitantes, principalmente turistas extranjeros.<\/p>\n\n\n\n<p>Los sindicatos critican al ayuntamiento de Par\u00eds, accionista mayoritario de la empresa, que, seg\u00fan ellos, impone un modelo de negocio &#8220;insostenible&#8221; debido a un desequilibrio entre los ingresos y los gastos, exacerbado por la crisis de covid-19.<\/p>\n\n\n\n<p>La torre Eiffel recibi\u00f3 6,3 millones de visitantes en 2023, una cifra mayor que en 2019, antes de la pandemia.<\/p>\n\n\n\n<p>Se espera que el n\u00famero de visitantes aumente este verano, ya que la capital francesa acoger\u00e1 los Juegos Ol\u00edmpicos (26 de julio al 11 de agosto).&nbsp;<\/p>\n\n\n\n<p>En un comunicado conjunto, los sindicatos CGT y FO pidieron el lunes a la alcald\u00eda &#8220;que sea razonable con sus exigencias financieras para garantizar la supervivencia del monumento y de la empresa que lo opera&#8221;.<\/p>\n","protected":false},"excerpt":{"rendered":"<p>La Torre Eiffel se encamina a una tercera jornada de cierre el mi\u00e9rcoles a causa de una huelga de su personal, confirm\u00f3 el martes a AFP un representante sindical.<\/p>\n","protected":false},"author":5,"featured_media":82948,"comment_status":"closed","ping_status":"closed","sticky":false,"template":"","format":"standard","meta":{"footnotes":""},"categories":[1,26],"tags":[],"class_list":["post-82947","post","type-post","status-publish","format-standard","has-post-thumbnail","hentry","category-destacados","category-noticias"],"_links":{"self":[{"href":"https:\/\/megavision.com.sv\/web\/wp-json\/wp\/v2\/posts\/82947","targetHints":{"allow":["GET"]}}],"collection":[{"href":"https:\/\/megavision.com.sv\/web\/wp-json\/wp\/v2\/posts"}],"about":[{"href":"https:\/\/megavision.com.sv\/web\/wp-json\/wp\/v2\/types\/post"}],"author":[{"embeddable":true,"href":"https:\/\/megavision.com.sv\/web\/wp-json\/wp\/v2\/users\/5"}],"replies":[{"embeddable":true,"href":"https:\/\/megavision.com.sv\/web\/wp-json\/wp\/v2\/comments?post=82947"}],"version-history":[{"count":1,"href":"https:\/\/megavision.com.sv\/web\/wp-json\/wp\/v2\/posts\/82947\/revisions"}],"predecessor-version":[{"id":82949,"href":"https:\/\/megavision.com.sv\/web\/wp-json\/wp\/v2\/posts\/82947\/revisions\/82949"}],"wp:featuredmedia":[{"embeddable":true,"href":"https:\/\/megavision.com.sv\/web\/wp-json\/wp\/v2\/media\/82948"}],"wp:attachment":[{"href":"https:\/\/megavision.com.sv\/web\/wp-json\/wp\/v2\/media?parent=82947"}],"wp:term":[{"taxonomy":"category","embeddable":true,"href":"https:\/\/megavision.com.sv\/web\/wp-json\/wp\/v2\/categories?post=82947"},{"taxonomy":"post_tag","embeddable":true,"href":"https:\/\/megavision.com.sv\/web\/wp-json\/wp\/v2\/tags?post=82947"}],"curies":[{"name":"wp","href":"https:\/\/api.w.org\/{rel}","templated":true}]}}