{"id":82939,"date":"2024-02-20T09:07:03","date_gmt":"2024-02-20T15:07:03","guid":{"rendered":"https:\/\/megavision.com.sv\/web\/?p=82939"},"modified":"2024-02-20T09:07:13","modified_gmt":"2024-02-20T15:07:13","slug":"contingente-de-salvadorenos-partira-a-canada-como-parte-de-programa-de-migracion-laboral","status":"publish","type":"post","link":"https:\/\/megavision.com.sv\/web\/contingente-de-salvadorenos-partira-a-canada-como-parte-de-programa-de-migracion-laboral\/","title":{"rendered":"Contingente de salvadore\u00f1os partir\u00e1 a Canad\u00e1 como parte de Programa de Migraci\u00f3n Laboral"},"content":{"rendered":"\n<p><\/p>\n\n\n\n<p>El d\u00eda de ma\u00f1ana, el Ministerio de Trabajo de El Salvador anunciar\u00e1 la salida de un nuevo contingente de trabajadores con destino a Canad\u00e1 como parte del Programa de Migraci\u00f3n Laboral, inform\u00f3 su titular, Rolando Castro. <\/p>\n\n\n\n<figure class=\"wp-block-embed is-type-rich is-provider-twitter wp-block-embed-twitter\"><div class=\"wp-block-embed__wrapper\">\n<blockquote class=\"twitter-tweet\" data-width=\"550\" data-dnt=\"true\"><p lang=\"es\" dir=\"ltr\">El d\u00eda de ma\u00f1ana anunciaremos la salida de un nuevo contingente de trabajadores con destino a Canad\u00e1.<br><br>El <a href=\"https:\/\/twitter.com\/hashtag\/ProgramaDeMigraci%C3%B3nLaboral?src=hash&amp;ref_src=twsrc%5Etfw\">#ProgramaDeMigraci\u00f3nLaboral<\/a> garantiza trabajos legales, justos y dignos.<br><br>Con todos sus derechos de ley y protecci\u00f3n social, sin ning\u00fan riesgo.<br><br>Seguimos trabajando para\u2026 <a href=\"https:\/\/t.co\/QJTcoQpYBx\">pic.twitter.com\/QJTcoQpYBx<\/a><\/p>&mdash; Rolando Castro (@RolandoCastroSv) <a href=\"https:\/\/twitter.com\/RolandoCastroSv\/status\/1759926157741375934?ref_src=twsrc%5Etfw\">February 20, 2024<\/a><\/blockquote><script async src=\"https:\/\/platform.twitter.com\/widgets.js\" charset=\"utf-8\"><\/script>\n<\/div><\/figure>\n\n\n\n<p>Este programa, dise\u00f1ado para garantizar trabajos legales, justos y dignos, ofrece a los trabajadores la seguridad de ejercer sus labores con todos sus derechos de ley y protecci\u00f3n social, sin correr ning\u00fan riesgo.<\/p>\n\n\n\n<p>Esta iniciativa, seg\u00fan el Ministerio de Trabajo, busca brindar oportunidades laborales a quienes m\u00e1s lo necesitan. Actualmente, este programa tiene proyectos en Canad\u00e1 y Costa Rica.<\/p>\n","protected":false},"excerpt":{"rendered":"<p>El d\u00eda de ma\u00f1ana, el Ministerio de Trabajo de El Salvador anunciar\u00e1 la salida de un nuevo contingente de trabajadores con destino a Canad\u00e1 como&hellip; <\/p>\n","protected":false},"author":5,"featured_media":0,"comment_status":"closed","ping_status":"closed","sticky":false,"template":"","format":"standard","meta":{"footnotes":""},"categories":[26],"tags":[],"class_list":["post-82939","post","type-post","status-publish","format-standard","hentry","category-noticias"],"_links":{"self":[{"href":"https:\/\/megavision.com.sv\/web\/wp-json\/wp\/v2\/posts\/82939","targetHints":{"allow":["GET"]}}],"collection":[{"href":"https:\/\/megavision.com.sv\/web\/wp-json\/wp\/v2\/posts"}],"about":[{"href":"https:\/\/megavision.com.sv\/web\/wp-json\/wp\/v2\/types\/post"}],"author":[{"embeddable":true,"href":"https:\/\/megavision.com.sv\/web\/wp-json\/wp\/v2\/users\/5"}],"replies":[{"embeddable":true,"href":"https:\/\/megavision.com.sv\/web\/wp-json\/wp\/v2\/comments?post=82939"}],"version-history":[{"count":2,"href":"https:\/\/megavision.com.sv\/web\/wp-json\/wp\/v2\/posts\/82939\/revisions"}],"predecessor-version":[{"id":82941,"href":"https:\/\/megavision.com.sv\/web\/wp-json\/wp\/v2\/posts\/82939\/revisions\/82941"}],"wp:attachment":[{"href":"https:\/\/megavision.com.sv\/web\/wp-json\/wp\/v2\/media?parent=82939"}],"wp:term":[{"taxonomy":"category","embeddable":true,"href":"https:\/\/megavision.com.sv\/web\/wp-json\/wp\/v2\/categories?post=82939"},{"taxonomy":"post_tag","embeddable":true,"href":"https:\/\/megavision.com.sv\/web\/wp-json\/wp\/v2\/tags?post=82939"}],"curies":[{"name":"wp","href":"https:\/\/api.w.org\/{rel}","templated":true}]}}