{"id":81644,"date":"2024-01-16T20:41:46","date_gmt":"2024-01-17T02:41:46","guid":{"rendered":"https:\/\/megavision.com.sv\/web\/?p=81644"},"modified":"2024-01-16T20:41:46","modified_gmt":"2024-01-17T02:41:46","slug":"capturan-a-un-supuesto-pandillero-y-le-decomisan-su-motocicleta","status":"publish","type":"post","link":"https:\/\/megavision.com.sv\/web\/capturan-a-un-supuesto-pandillero-y-le-decomisan-su-motocicleta\/","title":{"rendered":"Capturan a un supuesto pandillero y le decomisan su motocicleta"},"content":{"rendered":"\n<p><strong><em>Hamilton Barcenas<\/em><\/strong><\/p>\n\n\n\n<p>El Ministro de Justicia y Seguridad P\u00fablica, Gustavo Villatoro, anunci\u00f3 a trav\u00e9s de sus redes sociales que elementos de la Polic\u00eda Nacional Civil (PNC) lograron la captura de \u00d3scar Netfal\u00ed Recinos Dom\u00ednguez, conocido con el alias &#8220;Cepillo&#8221;, vinculado a la pandilla 18 Revolucionarios.<\/p>\n\n\n\n<p>Seg\u00fan la informaci\u00f3n proporcionada por el Ministro, Recinos Dom\u00ednguez ser\u00e1 procesado por el delito de agrupaciones il\u00edcitas, enfrent\u00e1ndose a d\u00e9cadas de prisi\u00f3n por sus actividades delictivas.<\/p>\n\n\n\n<p>Durante el procedimiento de captura, las autoridades lograron la incautaci\u00f3n de la motocicleta en la que &#8220;Cepillo&#8221; se desplazaba, evidencia que podr\u00eda ser crucial en la investigaci\u00f3n de sus actividades criminales y la desarticulaci\u00f3n de la pandilla a la que pertenece.<\/p>\n\n\n\n<p>El Ministro Villatoro expres\u00f3 su determinaci\u00f3n en erradicar a las pandillas y subray\u00f3 que no solo se trata de detener a los criminales, sino de asegurarse de que rindan cuentas ante la justicia por los delitos cometidos.<\/p>\n","protected":false},"excerpt":{"rendered":"<p>Hamilton Barcenas El Ministro de Justicia y Seguridad P\u00fablica, Gustavo Villatoro, anunci\u00f3 a trav\u00e9s de sus redes sociales que elementos de la Polic\u00eda Nacional Civil&hellip; <\/p>\n","protected":false},"author":8,"featured_media":0,"comment_status":"closed","ping_status":"closed","sticky":false,"template":"","format":"standard","meta":{"footnotes":""},"categories":[1,26],"tags":[6902,7004,6953,5409],"class_list":["post-81644","post","type-post","status-publish","format-standard","hentry","category-destacados","category-noticias","tag-guerra-contra-pandillas","tag-justicia","tag-pandillero","tag-seguridad"],"_links":{"self":[{"href":"https:\/\/megavision.com.sv\/web\/wp-json\/wp\/v2\/posts\/81644","targetHints":{"allow":["GET"]}}],"collection":[{"href":"https:\/\/megavision.com.sv\/web\/wp-json\/wp\/v2\/posts"}],"about":[{"href":"https:\/\/megavision.com.sv\/web\/wp-json\/wp\/v2\/types\/post"}],"author":[{"embeddable":true,"href":"https:\/\/megavision.com.sv\/web\/wp-json\/wp\/v2\/users\/8"}],"replies":[{"embeddable":true,"href":"https:\/\/megavision.com.sv\/web\/wp-json\/wp\/v2\/comments?post=81644"}],"version-history":[{"count":1,"href":"https:\/\/megavision.com.sv\/web\/wp-json\/wp\/v2\/posts\/81644\/revisions"}],"predecessor-version":[{"id":81646,"href":"https:\/\/megavision.com.sv\/web\/wp-json\/wp\/v2\/posts\/81644\/revisions\/81646"}],"wp:attachment":[{"href":"https:\/\/megavision.com.sv\/web\/wp-json\/wp\/v2\/media?parent=81644"}],"wp:term":[{"taxonomy":"category","embeddable":true,"href":"https:\/\/megavision.com.sv\/web\/wp-json\/wp\/v2\/categories?post=81644"},{"taxonomy":"post_tag","embeddable":true,"href":"https:\/\/megavision.com.sv\/web\/wp-json\/wp\/v2\/tags?post=81644"}],"curies":[{"name":"wp","href":"https:\/\/api.w.org\/{rel}","templated":true}]}}