{"id":80105,"date":"2023-11-29T15:24:07","date_gmt":"2023-11-29T21:24:07","guid":{"rendered":"https:\/\/megavision.com.sv\/web\/?p=80105"},"modified":"2023-11-29T15:24:07","modified_gmt":"2023-11-29T21:24:07","slug":"el-salvador-registra-mas-de-1000-casos-de-vih-en-2023","status":"publish","type":"post","link":"https:\/\/megavision.com.sv\/web\/el-salvador-registra-mas-de-1000-casos-de-vih-en-2023\/","title":{"rendered":"El Salvador registra m\u00e1s de 1,000 casos de VIH en 2023"},"content":{"rendered":"\n<p>Giovanni Escobar<\/p>\n\n\n\n<p>En El Salvador actualmente, m\u00e1s de 15,500 salvadore\u00f1os est\u00e1n recibiendo tratamiento contra el Virus de la Inmunodeficiencia Humana (VIH) a trav\u00e9s del programa &#8220;Prevenci\u00f3n, Cuidado y Tratamiento en VIH&#8221;, un proyecto desarrollado por la Asociaci\u00f3n PASMO y respaldado econ\u00f3micamente por la Agencia de los Estados Unidos para el Desarrollo Internacional (USAID).<\/p>\n\n\n\n<p>Seg\u00fan Celina Miranda, representante de UNO SIDA, Latinoam\u00e9rica en el per\u00edodo de 2010 a 2022, ha habido un retroceso en la lucha global contra las infecciones por VIH, con un aumento del 8% en los casos. <\/p>\n\n\n\n<figure class=\"wp-block-embed is-type-rich is-provider-twitter wp-block-embed-twitter\"><div class=\"wp-block-embed__wrapper\">\n<blockquote class=\"twitter-tweet\" data-width=\"550\" data-dnt=\"true\"><p lang=\"es\" dir=\"ltr\">M\u00e1s de 15,500 salvadore\u00f1os actualmente est\u00e1n recibiendo tratamiento para el VIH. En el marco del D\u00eda Mundial de la Respuesta al VIH, conmemorado cada 1 de diciembre, la asociaci\u00f3n PASMO llev\u00f3 a cabo un encuentro para instar a la poblaci\u00f3n a entender que el VIH es tratable.<br><br>V\u00eda:\u2026 <a href=\"https:\/\/t.co\/beku2PGhMJ\">pic.twitter.com\/beku2PGhMJ<\/a><\/p>&mdash; Telenoticias Megavisi\u00f3n (@TelenoticiasGMV) <a href=\"https:\/\/twitter.com\/TelenoticiasGMV\/status\/1729882079561949292?ref_src=twsrc%5Etfw\">November 29, 2023<\/a><\/blockquote><script async src=\"https:\/\/platform.twitter.com\/widgets.js\" charset=\"utf-8\"><\/script>\n<\/div><\/figure>\n\n\n\n<p>Miranda tambi\u00e9n afirm\u00f3 que el VIH es \u201ctratable, es una enfermedad cr\u00f3nica as\u00ed como la diabetes, la hipertensi\u00f3n. Si la persona recibe un diagn\u00f3stico temprano y recibe medicamentos anti retrovirales es controlable todo el tiempo que la persona cumpla con el tratamiento\u201d.&nbsp;<\/p>\n\n\n\n<p>A nivel nacional, se registraron 865 casos de VIH en el a\u00f1o 2020, aumentando a 1,185 casos en 2021, reduci\u00e9ndose a 1,005 casos en 2022 y durante el a\u00f1o2023, se han confirmado 1,000 casos y 8 personas fallecidas. Los departamentos que cuentan con mayor n\u00famero de infectados son San Salvador, Sonsonate y La Libertad.&nbsp;<\/p>\n\n\n\n<p>Otoniel Ram\u00edrez, secretario general de la Red Centroamericana de Comercio, se\u00f1al\u00f3 que las poblaciones m\u00e1s vulnerables a nivel nacional y regional incluyen a &#8220;hombres que tienen relaciones con otros hombres, trabajadoras sexuales y mujeres transg\u00e9nero. Es muy importante trabajar con esta poblaci\u00f3n&#8221;, afirm\u00f3. <\/p>\n\n\n\n<p>El 52% de los casos de VIH en El Salvador se encuentran en adultos j\u00f3venes de entre 20 y 34 a\u00f1os, y tambi\u00e9n ha habido un incremento en los casos entre personas mayores de 60 a\u00f1os.<\/p>\n","protected":false},"excerpt":{"rendered":"<p>En la actualidad, m\u00e1s de 15,500 salvadore\u00f1os est\u00e1n recibiendo tratamiento contra el Virus de la Inmunodeficiencia Humana (VIH) a trav\u00e9s del programa &#8220;Prevenci\u00f3n, Cuidado y Tratamiento en VIH&#8221;, un proyecto liderado por la Asociaci\u00f3n PASMO y respaldado econ\u00f3micamente por la Agencia de los Estados Unidos para el Desarrollo Internacional (USAID).<\/p>\n","protected":false},"author":11,"featured_media":0,"comment_status":"closed","ping_status":"closed","sticky":false,"template":"","format":"standard","meta":{"footnotes":""},"categories":[1,31],"tags":[56,903,462],"class_list":["post-80105","post","type-post","status-publish","format-standard","hentry","category-destacados","category-salud","tag-el-salvador","tag-usaid","tag-vih"],"_links":{"self":[{"href":"https:\/\/megavision.com.sv\/web\/wp-json\/wp\/v2\/posts\/80105","targetHints":{"allow":["GET"]}}],"collection":[{"href":"https:\/\/megavision.com.sv\/web\/wp-json\/wp\/v2\/posts"}],"about":[{"href":"https:\/\/megavision.com.sv\/web\/wp-json\/wp\/v2\/types\/post"}],"author":[{"embeddable":true,"href":"https:\/\/megavision.com.sv\/web\/wp-json\/wp\/v2\/users\/11"}],"replies":[{"embeddable":true,"href":"https:\/\/megavision.com.sv\/web\/wp-json\/wp\/v2\/comments?post=80105"}],"version-history":[{"count":3,"href":"https:\/\/megavision.com.sv\/web\/wp-json\/wp\/v2\/posts\/80105\/revisions"}],"predecessor-version":[{"id":80113,"href":"https:\/\/megavision.com.sv\/web\/wp-json\/wp\/v2\/posts\/80105\/revisions\/80113"}],"wp:attachment":[{"href":"https:\/\/megavision.com.sv\/web\/wp-json\/wp\/v2\/media?parent=80105"}],"wp:term":[{"taxonomy":"category","embeddable":true,"href":"https:\/\/megavision.com.sv\/web\/wp-json\/wp\/v2\/categories?post=80105"},{"taxonomy":"post_tag","embeddable":true,"href":"https:\/\/megavision.com.sv\/web\/wp-json\/wp\/v2\/tags?post=80105"}],"curies":[{"name":"wp","href":"https:\/\/api.w.org\/{rel}","templated":true}]}}