{"id":79829,"date":"2023-11-22T10:50:21","date_gmt":"2023-11-22T16:50:21","guid":{"rendered":"https:\/\/megavision.com.sv\/web\/?p=79829"},"modified":"2023-11-22T10:50:21","modified_gmt":"2023-11-22T16:50:21","slug":"binaes-busca-convertirse-en-referente-latinoamericano-segun-viceministro","status":"publish","type":"post","link":"https:\/\/megavision.com.sv\/web\/binaes-busca-convertirse-en-referente-latinoamericano-segun-viceministro\/","title":{"rendered":"Binaes busca convertirse en referente latinoamericano, seg\u00fan viceministro"},"content":{"rendered":"\n<p>En Di\u00e1logo 21, el viceministro de Cultura, Erick Doradea, comparti\u00f3 informaci\u00f3n sobre las diversas \u00e1reas y servicios que ofrece la nueva Biblioteca Nacional, destacando su modernidad y singularidad en la regi\u00f3n.<\/p>\n\n\n\n<p>Doradea enfatiz\u00f3 que la Biblioteca Nacional est\u00e1 abierta las 24 horas del d\u00eda, accesible tanto para los ciudadanos salvadore\u00f1os como para los visitantes extranjeros. Con una impresionante colecci\u00f3n de m\u00e1s de 360 mil libros, se posiciona como un recurso invaluable para los amantes de la lectura.<\/p>\n\n\n\n<p>\u201cSon $54 millones de d\u00f3lares invertidos en materia de infraestructura. Como gobierno, hemos aportado una contrapartida. El equipamiento y los libros han sido parte integral del proceso para lograr una biblioteca de vanguardia\u201d, dijo el funcionario.<\/p>\n\n\n\n<figure class=\"wp-block-embed is-type-rich is-provider-twitter wp-block-embed-twitter\"><div class=\"wp-block-embed__wrapper\">\n<blockquote class=\"twitter-tweet\" data-width=\"550\" data-dnt=\"true\"><p lang=\"es\" dir=\"ltr\"><a href=\"https:\/\/twitter.com\/hashtag\/Di%C3%A1logo21?src=hash&amp;ref_src=twsrc%5Etfw\">#Di\u00e1logo21<\/a> | \u201cLa BINAES cuenta con 7 niveles y en el segundo se encuentra una secci\u00f3n que consideramos de gran importancia. Hablar sobre la primera infancia es un punto clave dentro de la administraci\u00f3n del presidente <a href=\"https:\/\/twitter.com\/nayibbukele?ref_src=twsrc%5Etfw\">@nayibbukele<\/a>\u201d: Viceministro de <a href=\"https:\/\/twitter.com\/culturasv?ref_src=twsrc%5Etfw\">@culturasv<\/a>, Eric Doradea. <a href=\"https:\/\/t.co\/12iSIbkwjS\">pic.twitter.com\/12iSIbkwjS<\/a><\/p>&mdash; Di\u00e1logo (@dialogo21) <a href=\"https:\/\/twitter.com\/dialogo21\/status\/1727319287361405207?ref_src=twsrc%5Etfw\">November 22, 2023<\/a><\/blockquote><script async src=\"https:\/\/platform.twitter.com\/widgets.js\" charset=\"utf-8\"><\/script>\n<\/div><\/figure>\n\n\n\n<p>Una caracter\u00edstica destacada es el enfoque en la participaci\u00f3n de los ni\u00f1os. Adem\u00e1s de la disponibilidad de videojuegos, se ha implementado la regla de leer al menos media hora antes de disfrutar de esta \u00e1rea. Asimismo, la Biblioteca cuenta con espacios especializados para la primera infancia, salas de lactancia y enfermer\u00eda, as\u00ed como \u00e1reas dedicadas a la rob\u00f3tica y libros tem\u00e1ticos.<\/p>\n\n\n\n<p>Esta iniciativa refleja el compromiso del Ministerio de Cultura por proporcionar un espacio inclusivo y moderno que fomente el acceso a la cultura y la lectura en El Salvador.<\/p>\n","protected":false},"excerpt":{"rendered":"<p>En Di\u00e1logo 21, el viceministro de Cultura, Erick Doradea, comparti\u00f3 informaci\u00f3n sobre las diversas \u00e1reas y servicios que ofrece la nueva Biblioteca Nacional, destacando su&hellip; <\/p>\n","protected":false},"author":5,"featured_media":0,"comment_status":"closed","ping_status":"closed","sticky":false,"template":"","format":"standard","meta":{"footnotes":""},"categories":[1,27],"tags":[6023,556],"class_list":["post-79829","post","type-post","status-publish","format-standard","hentry","category-destacados","category-entrevista","tag-dialogo-21","tag-entrevista"],"_links":{"self":[{"href":"https:\/\/megavision.com.sv\/web\/wp-json\/wp\/v2\/posts\/79829","targetHints":{"allow":["GET"]}}],"collection":[{"href":"https:\/\/megavision.com.sv\/web\/wp-json\/wp\/v2\/posts"}],"about":[{"href":"https:\/\/megavision.com.sv\/web\/wp-json\/wp\/v2\/types\/post"}],"author":[{"embeddable":true,"href":"https:\/\/megavision.com.sv\/web\/wp-json\/wp\/v2\/users\/5"}],"replies":[{"embeddable":true,"href":"https:\/\/megavision.com.sv\/web\/wp-json\/wp\/v2\/comments?post=79829"}],"version-history":[{"count":1,"href":"https:\/\/megavision.com.sv\/web\/wp-json\/wp\/v2\/posts\/79829\/revisions"}],"predecessor-version":[{"id":79831,"href":"https:\/\/megavision.com.sv\/web\/wp-json\/wp\/v2\/posts\/79829\/revisions\/79831"}],"wp:attachment":[{"href":"https:\/\/megavision.com.sv\/web\/wp-json\/wp\/v2\/media?parent=79829"}],"wp:term":[{"taxonomy":"category","embeddable":true,"href":"https:\/\/megavision.com.sv\/web\/wp-json\/wp\/v2\/categories?post=79829"},{"taxonomy":"post_tag","embeddable":true,"href":"https:\/\/megavision.com.sv\/web\/wp-json\/wp\/v2\/tags?post=79829"}],"curies":[{"name":"wp","href":"https:\/\/api.w.org\/{rel}","templated":true}]}}