{"id":79713,"date":"2023-11-20T14:08:55","date_gmt":"2023-11-20T20:08:55","guid":{"rendered":"https:\/\/megavision.com.sv\/web\/?p=79713"},"modified":"2023-11-20T14:08:55","modified_gmt":"2023-11-20T20:08:55","slug":"conoce-a-los-futbolistas-afectados-por-el-virus-fifa","status":"publish","type":"post","link":"https:\/\/megavision.com.sv\/web\/conoce-a-los-futbolistas-afectados-por-el-virus-fifa\/","title":{"rendered":"Conoce a los futbolistas afectados por el &#8220;virus FIFA&#8221;"},"content":{"rendered":"\n<p>Giovanni Escobar<\/p>\n\n\n\n<p>El virus FIFA ataca nuevamente. Entre los jugadores m\u00e1s destacados que sufrieron lesiones durante los duelos internacionales destacan Pablo Gavi, Vinicius Jr, Erling Haaland, Eduardo Camavinga, Marc-Andr\u00e9 ter Stegen, Andr\u00e9 Onana y Memo Ochoa.&nbsp;<\/p>\n\n\n\n<p>El jugador del Barcelona e internacional espa\u00f1ol Pablo Gavi sufri\u00f3 una lesi\u00f3n que lo mantendr\u00e1 fuera de las canchas entre 7 a 9 meses, as\u00ed lo comunicado el club catalan a trav\u00e9s del comunicado m\u00e9dico oficial, donde relatan que padece de una rotura completa del ligamento cruzado anterior de la rodilla derecha y una lesi\u00f3n asociada al menisco.<\/p>\n\n\n\n<p>Por su parte Vinicius Jr jugador del Real Madrid, se lesion\u00f3 durante el encuentro de Brasil contra Colombia por las eliminatorias de la CONMEBOL para la copa del mundo 2026, el extremo merengue sufri\u00f3 una rotura en el b\u00edceps femoral con afectaci\u00f3n del tend\u00f3n distal de su pierna izquierda, se espera que su recuperaci\u00f3n tome 2 meses.&nbsp;<\/p>\n\n\n\n<p>El delantero Erling Haaland se da\u00f1\u00f3 el tobillo el pasado jueves 16 en el partido amistoso de Noruega ante Islas Feroe. De acuerdo a informes brindados por la selecci\u00f3n n\u00f3rdica parece que las dolencias que sufre el 9 no son de gravedad. El actual ganador del The Best regres\u00f3 a Manchester y se espera que dispute minutos en el duelo contra el Liverpool a jugarse este s\u00e1bado 25.<\/p>\n\n\n\n<p>Eduardo Camavinga vivi\u00f3 una situaci\u00f3n desafortunada durante el entreno de Francia tras una desliz de su compa\u00f1ero Ousman Dembele al realizar un recorte, cay\u00f3 sobre el jugador merengue ocasion\u00e1ndole una rotura del ligamento lateral externo de la rodilla derecha, lesi\u00f3n que requiere de ocho a diez semanas de recuperaci\u00f3n.&nbsp;<\/p>\n\n\n\n<p>Tambi\u00e9n los guardametas padecieron del \u201cvirus FIFA\u201d, Ter Stegen tuvo que abandonar la concentraci\u00f3n alemana tras presentar molestias musculares ocasionadas por dolores agudos en la zona de la espalda, su recuperaci\u00f3n depende la evoluci\u00f3n que presenten las dolencias, inform\u00f3 Julian Nagelsmann entrenador de Alemania.<\/p>\n\n\n\n<p>Por otra parte, Andr\u00e9 Onana se vio obligado a abandonar el duelo entre Camer\u00fan y Mauricio al presentar molestias. Tras la revisi\u00f3n m\u00e9dica, se detect\u00f3 que sufre de una lesi\u00f3n en el pubis, la cual tomar\u00e1 algunas semanas de recuperaci\u00f3n.<\/p>\n\n\n\n<p>Asimismo, Memo Ochoa portero de M\u00e9xico sufri\u00f3 una lesi\u00f3n en el encuentro contra la selecci\u00f3n de Honduras, de acuerdo a la resonancia magn\u00e9tica y rayos x a los que fue sometido presenta un Esguince Acromio Clavicular Derecho y edema de m\u00fasculos periarticulares del hombro derecho, el tiempo de recuperaci\u00f3n es variable y depende de la evoluci\u00f3n.<\/p>\n\n\n\n<p>La FIFA cuenta con un programa de protecci\u00f3n de clubes que protege a los jugadores que ceden los equipos para que disputen encuentros internacionales, dicho seguro brinda una indemnizaci\u00f3n de 7.5 millones de euros como m\u00e1ximo por jugador lesionado, y entra en vigor tras 28 d\u00edas desde que se produce la lesi\u00f3n, realizando un pago diario al club dependiendo del salario que ostenta el futbolista.<\/p>\n","protected":false},"excerpt":{"rendered":"<p>El virus FIFA ataca nuevamente. Entre los jugadores m\u00e1s destacados que sufrieron lesiones durante los duelos internacionales destacan Pablo Gavi, Vinicius Jr, Erling Haaland, Eduardo Camavinga, Marc-Andr\u00e9 ter Stegen, Andr\u00e9 Onana y Memo Ochoa.\u00a0<\/p>\n","protected":false},"author":11,"featured_media":0,"comment_status":"closed","ping_status":"closed","sticky":false,"template":"","format":"standard","meta":{"footnotes":""},"categories":[30,1],"tags":[5888,1219,2537],"class_list":["post-79713","post","type-post","status-publish","format-standard","hentry","category-deportes","category-destacados","tag-deportes","tag-fifa","tag-lesionados"],"_links":{"self":[{"href":"https:\/\/megavision.com.sv\/web\/wp-json\/wp\/v2\/posts\/79713","targetHints":{"allow":["GET"]}}],"collection":[{"href":"https:\/\/megavision.com.sv\/web\/wp-json\/wp\/v2\/posts"}],"about":[{"href":"https:\/\/megavision.com.sv\/web\/wp-json\/wp\/v2\/types\/post"}],"author":[{"embeddable":true,"href":"https:\/\/megavision.com.sv\/web\/wp-json\/wp\/v2\/users\/11"}],"replies":[{"embeddable":true,"href":"https:\/\/megavision.com.sv\/web\/wp-json\/wp\/v2\/comments?post=79713"}],"version-history":[{"count":3,"href":"https:\/\/megavision.com.sv\/web\/wp-json\/wp\/v2\/posts\/79713\/revisions"}],"predecessor-version":[{"id":79717,"href":"https:\/\/megavision.com.sv\/web\/wp-json\/wp\/v2\/posts\/79713\/revisions\/79717"}],"wp:attachment":[{"href":"https:\/\/megavision.com.sv\/web\/wp-json\/wp\/v2\/media?parent=79713"}],"wp:term":[{"taxonomy":"category","embeddable":true,"href":"https:\/\/megavision.com.sv\/web\/wp-json\/wp\/v2\/categories?post=79713"},{"taxonomy":"post_tag","embeddable":true,"href":"https:\/\/megavision.com.sv\/web\/wp-json\/wp\/v2\/tags?post=79713"}],"curies":[{"name":"wp","href":"https:\/\/api.w.org\/{rel}","templated":true}]}}