{"id":79091,"date":"2023-11-02T11:45:31","date_gmt":"2023-11-02T17:45:31","guid":{"rendered":"https:\/\/megavision.com.sv\/web\/?p=79091"},"modified":"2023-11-02T11:45:31","modified_gmt":"2023-11-02T17:45:31","slug":"tormenta-pilar-se-aleja-de-centroamerica-tras-dejar-cuatro-muertos","status":"publish","type":"post","link":"https:\/\/megavision.com.sv\/web\/tormenta-pilar-se-aleja-de-centroamerica-tras-dejar-cuatro-muertos\/","title":{"rendered":"Tormenta Pilar se aleja de Centroam\u00e9rica tras dejar cuatro muertos"},"content":{"rendered":"\n<p>AFP<\/p>\n\n\n\n<p>La tormenta tropical Pilar se aleja de Centroam\u00e9rica tras dejar cuatro muertos, centenares de evacuados e inundaciones en extensas \u00e1reas de cultivo de la regi\u00f3n.<\/p>\n\n\n\n<p>Empujada por un frente fr\u00edo, Pilar comenzaba a girar de regreso al Pac\u00edfico y se encontraba a unos 270 kil\u00f3metros de la costa salvadore\u00f1a, con un desplazamiento de 17 km por hora, causando vientos de 85 km por hora.<\/p>\n\n\n\n<p>&#8220;Se espera un movimiento hacia el suroeste para esta noche o temprano el jueves y ese movimiento deber\u00eda continuar hasta el s\u00e1bado&#8221;, dijo en un informe el Centro Nacional de Huracanes de Estados Unidos (NHC).<\/p>\n\n\n\n<p>&#8220;El centro de Pilar seguir\u00e1 alej\u00e1ndose de las costas de Centroam\u00e9rica esta tarde y esta noche&#8221;, precis\u00f3 el NHC.<\/p>\n\n\n\n<p>Desde el domingo, Pilar caus\u00f3 tres decesos en El Salvador y uno en Honduras, seg\u00fan los servicios de Protecci\u00f3n Civil en ambos pa\u00edses.<\/p>\n\n\n\n<figure class=\"wp-block-image size-large\"><img decoding=\"async\" src=\"https:\/\/megavision.com.sv\/web\/wp-content\/uploads\/2023\/11\/INUNDACION-1024x640.jpg\" alt=\"\" class=\"wp-image-79095\"\/><\/figure>\n\n\n\n<p>El fen\u00f3meno que puso en alerta a Centroam\u00e9rica ocurre cuando se cumplen 25 a\u00f1os del hurac\u00e1n Mitch, que dej\u00f3 unos 9.000 muertos y millonarias p\u00e9rdidas a la econom\u00eda de los pa\u00edses de la regi\u00f3n.<\/p>\n\n\n\n<p>En Guatemala, El Salvador y Honduras centenares de personas provenientes de zonas de alto riesgo o golpeadas por r\u00edos desbordados fueron evacuadas y trasladadas a albergues.<\/p>\n\n\n\n<ul class=\"wp-block-list\">\n<li>&#8220;Estamos perdidos&#8221; &#8211;<br>La tarde del mi\u00e9rcoles quedaron al descubierto bajo el sol zonas rurales inundadas en el territorio salvadore\u00f1o, como la inundaci\u00f3n causada por el desbordamiento del r\u00edo San Antonio, que divide los departamentos de La Paz y San Vicente.<\/li>\n<\/ul>\n\n\n\n<p>En la comunidad Los \u00c1ngeles, en el municipio de Zacatecoluca, unos 60 km al sureste de San Salvador, periodistas de la AFP observaron extensos pastizales y cultivos de ca\u00f1a de az\u00facar y ma\u00edz anegados.<\/p>\n\n\n\n<p>&#8220;Hemos perdido el gasto de los insumos, mozos, pasto, estamos perdidos pues no vamos a cosechar nada (de ma\u00edz)&#8221;, declar\u00f3 a la AFP Carlos Alberto Cl\u00edmaco, un agricultor de 36 a\u00f1os.<\/p>\n\n\n\n<p>&#8220;Perd\u00ed mis animales, las gallinas se me ahogaron&#8221;, por eso &#8220;esta situaci\u00f3n a nosotros nos pone mal porque como (\u2026) ya no es la primera vez que se llena, siempre ha sido as\u00ed&#8221;, relat\u00f3 por su parte Wendy Carolina V\u00e1squez, una madre y ama de casa, de 23 a\u00f1os.<\/p>\n\n\n\n<p>Las familias que viven Los \u00c1ngeles ten\u00edan sus casas inundadas y clamaron por medicinas y otra ayuda del gobierno.<\/p>\n\n\n\n<ul class=\"wp-block-list\">\n<li>Alerta contin\u00faa &#8211;<br>&#8220;La alerta roja se mantiene&#8221;, anunci\u00f3 el ministro salvadore\u00f1o de Medio Ambiente, Fernando L\u00f3pez.<\/li>\n<\/ul>\n\n\n\n<p>&#8220;No podemos bajar la guardia, porque pueden existir riesgos, hay mucha humedad acumulada en el suelo, puede haber desbordamientos de r\u00edos y deslizamientos&#8221;, agreg\u00f3.<\/p>\n\n\n\n<p>Ante las persistentes lluvias en Honduras, el jefe de emergencias tempranas de la Comisi\u00f3n Permanente de Contingencias (Copeco), Jos\u00e9 Reyes, anunci\u00f3 que se declar\u00f3 &#8220;alerta roja&#8221; en los departamentos de Choluteca y Valle, en el sur del pa\u00eds y sobre la costa del Pac\u00edfico.<\/p>\n\n\n\n<p>En Guatemala, el Servicio Meteorol\u00f3gico advirti\u00f3 que las lluvias continuar\u00e1n este mi\u00e9rcoles, por lo que pidi\u00f3 a la poblaci\u00f3n &#8220;tomar las precauciones necesarias&#8221;.<\/p>\n\n\n\n<p>Las intensas precipitaciones y fuertes vientos han provocado da\u00f1os en cultivos de granos b\u00e1sicos, sobre todo en regiones costeras.<\/p>\n\n\n\n<p>&#8220;La lluvia ha provocado da\u00f1os, pero no hemos cuantificado la extensi\u00f3n afectada&#8221;, se\u00f1al\u00f3 a la AFP el presidente de la C\u00e1mara Salvadore\u00f1a de Peque\u00f1os Productores Agropecuarios, Luis Treminio.<\/p>\n\n\n\n<p>Los cultivos de ma\u00edz, frijol y ca\u00f1a de az\u00facar anegados est\u00e1n en el \u00e1rea de Puerto Parada, en el departamento salvadore\u00f1o de Usulut\u00e1n (sureste) y en la cordillera El B\u00e1lsamo, en el departamento central de La Libertad.<\/p>\n\n\n\n<p>&#8220;Los frijoles son los que est\u00e1n arriesg\u00e1ndose m\u00e1s porque est\u00e1n en plena maduraci\u00f3n&#8221;, afirm\u00f3 el coordinador de la Mesa Agropecuaria Rural e Ind\u00edgena, Mateo Rend\u00f3n.<\/p>\n\n\n\n<p>Honduras reportaba afectaciones en zonas pr\u00f3ximas al golfo de Fonseca.<\/p>\n\n\n\n<ul class=\"wp-block-list\">\n<li>Monitoreo en el Caribe &#8211;<br>El NHC y los servicios meteorol\u00f3gicos centroamericanos monitorean en el Caribe la eventual formaci\u00f3n de un nuevo cicl\u00f3n tropical.<\/li>\n<\/ul>\n\n\n\n<p>Se prev\u00e9 que este fen\u00f3meno que se encuentra en el Caribe central, al sur de la isla La Espa\u00f1ola, se mueva al suroeste en los pr\u00f3ximos d\u00edas, acerc\u00e1ndose a Centroam\u00e9rica.<\/p>\n\n\n\n<p>&#8220;Las condiciones ambientales podr\u00edan volverse un poco m\u00e1s propicias para el desarrollo en uno o dos d\u00edas, y una depresi\u00f3n tropical podr\u00eda formarse cuando el sistema se mueva sobre el suroeste del Mar Caribe&#8221;, dijo el NHC.<\/p>\n\n\n\n<p>&#8220;Independientemente del desarrollo, este sistema tiene el potencial de producir fuertes lluvias sobre partes de Centroam\u00e9rica a finales de esta semana. y hasta el fin de semana&#8221;, agreg\u00f3.<\/p>\n\n\n\n<p>La Fuerza Naval de Nicaragua prohibi\u00f3 los zarpes a embarcaciones pesqueras y tur\u00edsticas que tengan como destino mar abierto o comunidades de la costa del Caribe &#8220;hasta nuevo aviso&#8221;.<\/p>\n","protected":false},"excerpt":{"rendered":"<p>AFP La tormenta tropical Pilar se aleja de Centroam\u00e9rica tras dejar cuatro muertos, centenares de evacuados e inundaciones en extensas \u00e1reas de cultivo de la&hellip; <\/p>\n","protected":false},"author":5,"featured_media":0,"comment_status":"closed","ping_status":"closed","sticky":false,"template":"","format":"standard","meta":{"footnotes":""},"categories":[1,26],"tags":[757,7442],"class_list":["post-79091","post","type-post","status-publish","format-standard","hentry","category-destacados","category-noticias","tag-tormenta","tag-tormenta-tropical-pilar"],"_links":{"self":[{"href":"https:\/\/megavision.com.sv\/web\/wp-json\/wp\/v2\/posts\/79091","targetHints":{"allow":["GET"]}}],"collection":[{"href":"https:\/\/megavision.com.sv\/web\/wp-json\/wp\/v2\/posts"}],"about":[{"href":"https:\/\/megavision.com.sv\/web\/wp-json\/wp\/v2\/types\/post"}],"author":[{"embeddable":true,"href":"https:\/\/megavision.com.sv\/web\/wp-json\/wp\/v2\/users\/5"}],"replies":[{"embeddable":true,"href":"https:\/\/megavision.com.sv\/web\/wp-json\/wp\/v2\/comments?post=79091"}],"version-history":[{"count":1,"href":"https:\/\/megavision.com.sv\/web\/wp-json\/wp\/v2\/posts\/79091\/revisions"}],"predecessor-version":[{"id":79096,"href":"https:\/\/megavision.com.sv\/web\/wp-json\/wp\/v2\/posts\/79091\/revisions\/79096"}],"wp:attachment":[{"href":"https:\/\/megavision.com.sv\/web\/wp-json\/wp\/v2\/media?parent=79091"}],"wp:term":[{"taxonomy":"category","embeddable":true,"href":"https:\/\/megavision.com.sv\/web\/wp-json\/wp\/v2\/categories?post=79091"},{"taxonomy":"post_tag","embeddable":true,"href":"https:\/\/megavision.com.sv\/web\/wp-json\/wp\/v2\/tags?post=79091"}],"curies":[{"name":"wp","href":"https:\/\/api.w.org\/{rel}","templated":true}]}}