{"id":77423,"date":"2023-09-20T10:52:46","date_gmt":"2023-09-20T16:52:46","guid":{"rendered":"https:\/\/megavision.com.sv\/?p=77423"},"modified":"2023-09-20T11:42:19","modified_gmt":"2023-09-20T17:42:19","slug":"varios-sectores-quedan-sin-agua-en-san-salvador","status":"publish","type":"post","link":"https:\/\/megavision.com.sv\/web\/varios-sectores-quedan-sin-agua-en-san-salvador\/","title":{"rendered":"Varios sectores quedan sin agua en San Salvador"},"content":{"rendered":"\n<p>Giovanni Escobar<\/p>\n\n\n\n<p>Rub\u00e9n Alem\u00e1n, presidente de ANDA, inform\u00f3 que una de las principales l\u00edneas pertenecientes al sistema de distribuci\u00f3n de agua de la Zona Norte en Mejicanos sufri\u00f3 una fuga de gran magnitud.<\/p>\n\n\n\n<p>\u201cEs una tuber\u00eda de acero, de 42 pulgadas que abastece con agua potable al 30% del gran San Salvador\u201d entre las zonas afectadas del sistema Zona Norte se encuentra: Mejicanos, Ayutuxtepeque, Miralvalle, San Antonio Abad, Escal\u00f3n, San Benito, Los Pr\u00f3ceres, Santa Tecla y Zaragoza.<\/p>\n\n\n\n<p>Asimismo, el presidente de la instituci\u00f3n hizo menci\u00f3n al estado de deterioro y antig\u00fcedad de las tuber\u00edas que componen la red de distribuci\u00f3n &#8220;esta tuber\u00eda tiene m\u00e1s de 40 o 50 a\u00f1os en total abandono y deterioro\u201d.<\/p>\n\n\n\n<figure class=\"wp-block-embed is-type-rich is-provider-twitter wp-block-embed-twitter\"><div class=\"wp-block-embed__wrapper\">\n<blockquote class=\"twitter-tweet\" data-width=\"550\" data-dnt=\"true\"><p lang=\"es\" dir=\"ltr\">El servicio de agua potable se ha visto interrumpido en Mejicanos, Ayutuxtepeque, Miralvalle, San Antonio Abad, Escal\u00f3n, San Benito, Los Pr\u00f3ceres, Zaragoza y Santa Tecla.<br><br>V\u00eda: <a href=\"https:\/\/twitter.com\/javierponcetv?ref_src=twsrc%5Etfw\">@javierponcetv<\/a>  <a href=\"https:\/\/twitter.com\/hashtag\/TelenoticiasGMV?src=hash&amp;ref_src=twsrc%5Etfw\">#TelenoticiasGMV<\/a><a href=\"https:\/\/twitter.com\/hashtag\/LaNoticiaATodaHora?src=hash&amp;ref_src=twsrc%5Etfw\">#LaNoticiaATodaHora<\/a> <a href=\"https:\/\/t.co\/rx5fv5GQvQ\">pic.twitter.com\/rx5fv5GQvQ<\/a><\/p>&mdash; Telenoticias Megavisi\u00f3n (@TelenoticiasGMV) <a href=\"https:\/\/twitter.com\/TelenoticiasGMV\/status\/1704489235833606463?ref_src=twsrc%5Etfw\">September 20, 2023<\/a><\/blockquote><script async src=\"https:\/\/platform.twitter.com\/widgets.js\" charset=\"utf-8\"><\/script>\n<\/div><\/figure>\n\n\n\n<p>Las labores de reparaci\u00f3n por parte del equipo caza fugas comenzaron el martes 18 pero debido a las condiciones meteorol\u00f3gicas, tuvieron que detenerse y fueron reanudadas este mi\u00e9rcoles. Por lo que el sistema de agua potable de la Zona Norte afectado ha sido puesto en suspensi\u00f3n mientras es intervenida la fuga presente en la tuber\u00eda.<\/p>\n\n\n\n<p>Adem\u00e1s, Rub\u00e9n Alem\u00e1n se\u00f1al\u00f3 que el deterioro en la red de tuber\u00edas es un problema cr\u00edtico y complejo que afronta la instituci\u00f3n \u201cANDA pierde un 60% de su producci\u00f3n debido a este problema\u201d. Actualmente se est\u00e1 trabajando en esta situaci\u00f3n \u201cse cuenta con 100 millones de d\u00f3lares por el Banco Interamericano de Desarrollo, los cuales se han invertido en la rehabilitaci\u00f3n de la mayor\u00eda de tuber\u00edas adem\u00e1s de la zona de producci\u00f3n\u201d, finaliz\u00f3 el presidente de la autonoma.<\/p>\n","protected":false},"excerpt":{"rendered":"<p>Rub\u00e9n Alem\u00e1n, director de ANDA, inform\u00f3 que una de las principales l\u00edneas pertenecientes al sistema de distribuci\u00f3n de agua de la Zona Norte, sufri\u00f3 una fuga de gran magnitud.\u00a0El percance ocurri\u00f3 en el municipio de Mejicanos.<\/p>\n","protected":false},"author":11,"featured_media":0,"comment_status":"closed","ping_status":"closed","sticky":false,"template":"","format":"standard","meta":{"footnotes":""},"categories":[1,26],"tags":[1877,1025],"class_list":["post-77423","post","type-post","status-publish","format-standard","hentry","category-destacados","category-noticias","tag-anda","tag-san-salvador"],"_links":{"self":[{"href":"https:\/\/megavision.com.sv\/web\/wp-json\/wp\/v2\/posts\/77423","targetHints":{"allow":["GET"]}}],"collection":[{"href":"https:\/\/megavision.com.sv\/web\/wp-json\/wp\/v2\/posts"}],"about":[{"href":"https:\/\/megavision.com.sv\/web\/wp-json\/wp\/v2\/types\/post"}],"author":[{"embeddable":true,"href":"https:\/\/megavision.com.sv\/web\/wp-json\/wp\/v2\/users\/11"}],"replies":[{"embeddable":true,"href":"https:\/\/megavision.com.sv\/web\/wp-json\/wp\/v2\/comments?post=77423"}],"version-history":[{"count":3,"href":"https:\/\/megavision.com.sv\/web\/wp-json\/wp\/v2\/posts\/77423\/revisions"}],"predecessor-version":[{"id":77432,"href":"https:\/\/megavision.com.sv\/web\/wp-json\/wp\/v2\/posts\/77423\/revisions\/77432"}],"wp:attachment":[{"href":"https:\/\/megavision.com.sv\/web\/wp-json\/wp\/v2\/media?parent=77423"}],"wp:term":[{"taxonomy":"category","embeddable":true,"href":"https:\/\/megavision.com.sv\/web\/wp-json\/wp\/v2\/categories?post=77423"},{"taxonomy":"post_tag","embeddable":true,"href":"https:\/\/megavision.com.sv\/web\/wp-json\/wp\/v2\/tags?post=77423"}],"curies":[{"name":"wp","href":"https:\/\/api.w.org\/{rel}","templated":true}]}}