{"id":76854,"date":"2023-09-11T14:57:25","date_gmt":"2023-09-11T20:57:25","guid":{"rendered":"https:\/\/megavision.com.sv\/?p=76854"},"modified":"2023-09-11T18:05:37","modified_gmt":"2023-09-12T00:05:37","slug":"el-emir-de-catar-realizara-visita-oficial-a-el-salvador","status":"publish","type":"post","link":"https:\/\/megavision.com.sv\/web\/el-emir-de-catar-realizara-visita-oficial-a-el-salvador\/","title":{"rendered":"El emir de Catar realizar\u00e1 visita oficial a El Salvador"},"content":{"rendered":"\n<p>El emir de Catar, Tamim bin Hamad Al Thani, emprender\u00e1 una visita de Estado a la Rep\u00fablica Cooperativa de Guyana y una visita oficial a la Rep\u00fablica de El Salvador.<\/p>\n\n\n\n<p>Durante estas visitas, el emir mantendr\u00e1 conversaciones con los jefes de Estado y altos funcionarios de ambos pa\u00edses para explorar v\u00edas de fortalecimiento de las relaciones bilaterales y la cooperaci\u00f3n en diversas \u00e1reas. Adem\u00e1s, intercambiar\u00e1n puntos de vista sobre cuestiones regionales e internacionales de inter\u00e9s mutuo.<\/p>\n\n\n\n<p>Las visitas tambi\u00e9n ser\u00e1n testigo de la firma de varios acuerdos y memorandos de entendimiento que abarcan diversas \u00e1reas de cooperaci\u00f3n, consolidando los lazos entre Catar y estas dos naciones.<\/p>\n\n\n\n<p>Acompa\u00f1ando a la m\u00e1xima autoridad catar\u00ed estar\u00e1 una delegaci\u00f3n oficial, lo que simboliza el compromiso de dicho pa\u00eds de fomentar v\u00ednculos diplom\u00e1ticos m\u00e1s s\u00f3lidos y asociaciones con pa\u00edses de todo el mundo. <\/p>\n\n\n\n<p>Estas visitas, seg\u00fan la Agencia de Noticias de Catar, subrayan la dedicaci\u00f3n del pa\u00eds \u00e1rabe de construir relaciones constructivas y su activa participaci\u00f3n en la diplomacia global.<\/p>\n","protected":false},"excerpt":{"rendered":"<p>El emir de Catar, Tamim bin Hamad Al Thani, emprender\u00e1 una visita de Estado a la Rep\u00fablica Cooperativa de Guyana y una visita oficial a la Rep\u00fablica de El Salvador.<\/p>\n","protected":false},"author":5,"featured_media":0,"comment_status":"closed","ping_status":"closed","sticky":false,"template":"","format":"standard","meta":{"footnotes":""},"categories":[1,26],"tags":[1230,56],"class_list":["post-76854","post","type-post","status-publish","format-standard","hentry","category-destacados","category-noticias","tag-catar","tag-el-salvador"],"_links":{"self":[{"href":"https:\/\/megavision.com.sv\/web\/wp-json\/wp\/v2\/posts\/76854","targetHints":{"allow":["GET"]}}],"collection":[{"href":"https:\/\/megavision.com.sv\/web\/wp-json\/wp\/v2\/posts"}],"about":[{"href":"https:\/\/megavision.com.sv\/web\/wp-json\/wp\/v2\/types\/post"}],"author":[{"embeddable":true,"href":"https:\/\/megavision.com.sv\/web\/wp-json\/wp\/v2\/users\/5"}],"replies":[{"embeddable":true,"href":"https:\/\/megavision.com.sv\/web\/wp-json\/wp\/v2\/comments?post=76854"}],"version-history":[{"count":1,"href":"https:\/\/megavision.com.sv\/web\/wp-json\/wp\/v2\/posts\/76854\/revisions"}],"predecessor-version":[{"id":76856,"href":"https:\/\/megavision.com.sv\/web\/wp-json\/wp\/v2\/posts\/76854\/revisions\/76856"}],"wp:attachment":[{"href":"https:\/\/megavision.com.sv\/web\/wp-json\/wp\/v2\/media?parent=76854"}],"wp:term":[{"taxonomy":"category","embeddable":true,"href":"https:\/\/megavision.com.sv\/web\/wp-json\/wp\/v2\/categories?post=76854"},{"taxonomy":"post_tag","embeddable":true,"href":"https:\/\/megavision.com.sv\/web\/wp-json\/wp\/v2\/tags?post=76854"}],"curies":[{"name":"wp","href":"https:\/\/api.w.org\/{rel}","templated":true}]}}