{"id":74628,"date":"2023-07-19T21:30:53","date_gmt":"2023-07-20T03:30:53","guid":{"rendered":"https:\/\/megavision.com.sv\/?p=74628"},"modified":"2023-07-20T06:38:14","modified_gmt":"2023-07-20T12:38:14","slug":"empresa-constructora-incrementara-a-400-dolares-el-salario-de-los-trabajadores-inconformes","status":"publish","type":"post","link":"https:\/\/megavision.com.sv\/web\/empresa-constructora-incrementara-a-400-dolares-el-salario-de-los-trabajadores-inconformes\/","title":{"rendered":"Empresa constructora incrementar\u00e1 a $400 d\u00f3lares el salario de los trabajadores inconformes"},"content":{"rendered":"\n<p><em>Hamilton Barcenas<\/em><\/p>\n\n\n\n<p>La mesa de di\u00e1logo instalada este mi\u00e9rcoles en el Ministerio de Trabajo, tuvo como objetivo principal, lograr acuerdos justos que aborden las necesidades y demandas de los trabajadores que protestaron hace unos d\u00edas en el redondel integraci\u00f3n debido al atraso en el pago de sus salarios, por parte de la empresa constructora del proyecto que se ejecuta en lugar.<\/p>\n\n\n\n<p>Durante la reuni\u00f3n, la empresa y el Sindicato Uni\u00f3n de Trabajadores de la Construcci\u00f3n, firmaron un acta que establece un salario m\u00ednimo de $400.00 d\u00f3lares para m\u00e1s de 300 trabajadores.<\/p>\n\n\n\n<p>Seg\u00fan el ministro Rolando Castro, \u201ceste hito representa un gran avance en la protecci\u00f3n de los derechos laborales y demuestra nuestro compromiso en asegurar que cada trabajador reciba una remuneraci\u00f3n justa y sea tratado con respeto en su entorno laboral\u201d.<\/p>\n\n\n\n<p>El funcionario, quien presenci\u00f3 la firma del acuerdo, dijo que los empresarios ahora podr\u00e1n ver los rostros de felicidad de sus trabajadores y reiter\u00f3 que su instituci\u00f3n seguir\u00e1 trabajando arduamente para promover condiciones laborales dignas y justas para la clase trabajadora.<\/p>\n","protected":false},"excerpt":{"rendered":"<p>La mesa de di\u00e1logo tuvo como objetivo principal, lograr acuerdos justos que aborden las necesidades y demandas de los trabajadores que protestaron hace unos d\u00edas en el redondel integraci\u00f3n.<\/p>\n","protected":false},"author":8,"featured_media":0,"comment_status":"closed","ping_status":"closed","sticky":false,"template":"","format":"standard","meta":{"footnotes":""},"categories":[1,26],"tags":[5531,2871,870,7144],"class_list":["post-74628","post","type-post","status-publish","format-standard","hentry","category-destacados","category-noticias","tag-construccion","tag-ministerio-de-trabajo","tag-mop","tag-redondel-integracion"],"_links":{"self":[{"href":"https:\/\/megavision.com.sv\/web\/wp-json\/wp\/v2\/posts\/74628","targetHints":{"allow":["GET"]}}],"collection":[{"href":"https:\/\/megavision.com.sv\/web\/wp-json\/wp\/v2\/posts"}],"about":[{"href":"https:\/\/megavision.com.sv\/web\/wp-json\/wp\/v2\/types\/post"}],"author":[{"embeddable":true,"href":"https:\/\/megavision.com.sv\/web\/wp-json\/wp\/v2\/users\/8"}],"replies":[{"embeddable":true,"href":"https:\/\/megavision.com.sv\/web\/wp-json\/wp\/v2\/comments?post=74628"}],"version-history":[{"count":1,"href":"https:\/\/megavision.com.sv\/web\/wp-json\/wp\/v2\/posts\/74628\/revisions"}],"predecessor-version":[{"id":74630,"href":"https:\/\/megavision.com.sv\/web\/wp-json\/wp\/v2\/posts\/74628\/revisions\/74630"}],"wp:attachment":[{"href":"https:\/\/megavision.com.sv\/web\/wp-json\/wp\/v2\/media?parent=74628"}],"wp:term":[{"taxonomy":"category","embeddable":true,"href":"https:\/\/megavision.com.sv\/web\/wp-json\/wp\/v2\/categories?post=74628"},{"taxonomy":"post_tag","embeddable":true,"href":"https:\/\/megavision.com.sv\/web\/wp-json\/wp\/v2\/tags?post=74628"}],"curies":[{"name":"wp","href":"https:\/\/api.w.org\/{rel}","templated":true}]}}