{"id":72571,"date":"2023-06-08T09:10:10","date_gmt":"2023-06-08T15:10:10","guid":{"rendered":"https:\/\/megavision.com.sv\/?p=72571"},"modified":"2023-06-08T15:24:33","modified_gmt":"2023-06-08T21:24:33","slug":"disminucion-en-el-numero-de-diputados-era-una-deuda-politica-segun-gutie","status":"publish","type":"post","link":"https:\/\/megavision.com.sv\/web\/disminucion-en-el-numero-de-diputados-era-una-deuda-politica-segun-gutie\/","title":{"rendered":"Disminuci\u00f3n en el n\u00famero de diputados era una &#8220;deuda pol\u00edtica&#8221;, seg\u00fan Guti\u00e9rrez"},"content":{"rendered":"\n<p><em>Karen M\u00e9ndez &#8211; \u00d3scar Flores<\/em><\/p>\n\n\n\n<p>El vicerrector de la Universidad Luterana Salvadore\u00f1a, Dagoberto Guti\u00e9rrez, dijo que la reci\u00e9n aprobada disminuci\u00f3n de diputados en el \u00f3rgano Legislativo es una \u201cdeuda pol\u00edtica\u201d.<\/p>\n\n\n\n<p>Para Dagoberto Guti\u00e9rrez la reducci\u00f3n de diputados de la Asamblea Legislativa y la de municipios no s\u00f3lo se tratan de cambios en la administraci\u00f3n pol\u00edtica del pa\u00eds, sino tambi\u00e9n de una transformaci\u00f3n en la estructura del poder.<\/p>\n\n\n\n<figure class=\"wp-block-embed is-type-rich is-provider-twitter wp-block-embed-twitter\"><div class=\"wp-block-embed__wrapper\">\n<blockquote class=\"twitter-tweet\" data-width=\"550\" data-dnt=\"true\"><p lang=\"es\" dir=\"ltr\"><a href=\"https:\/\/twitter.com\/hashtag\/Di%C3%A1logo21?src=hash&amp;ref_src=twsrc%5Etfw\">#Di\u00e1logo21<\/a> | Dagoberto Guti\u00e9rrez: \u201cSiempre he pensado eso (reducci\u00f3n de municipios). El Estado, siendo el m\u00e1ximo poder, necesita centralizaci\u00f3n para ejercer su poder, as\u00ed dice la Constituci\u00f3n\u201d. <a href=\"https:\/\/t.co\/qCGqqAkaoJ\">pic.twitter.com\/qCGqqAkaoJ<\/a><\/p>&mdash; Telenoticias Megavisi\u00f3n (@TelenoticiasGMV) <a href=\"https:\/\/twitter.com\/TelenoticiasGMV\/status\/1666807673218797571?ref_src=twsrc%5Etfw\">June 8, 2023<\/a><\/blockquote><script async src=\"https:\/\/platform.twitter.com\/widgets.js\" charset=\"utf-8\"><\/script>\n<\/div><\/figure>\n\n\n\n<p>Adem\u00e1s dijo que ante \u201cla llegada de este gobierno al poder expresa justamente el hundimiento de los partidos pol\u00edticos&#8221;, donde la gente es la &#8220;encargada&#8221; de ejecutar dicho hundimiento.<\/p>\n\n\n\n<p>Agreg\u00f3 que las propuestas del Ejecutivo responden a las necesidades pol\u00edticas del pa\u00eds y a la l\u00f3gica de la econom\u00eda nacional.<\/p>\n\n\n\n<p>&#8220;El n\u00famero actual de diputados responde a las necesidades reales pol\u00edticas del pa\u00eds y a la l\u00f3gica del presupuesto, en una pol\u00edtica sana la mayor cantidad de dinero no debe dirigirse al gobierno, sino a la gente&#8221;, se\u00f1al\u00f3 Guti\u00e9rrez.<\/p>\n","protected":false},"excerpt":{"rendered":"<p>Karen M\u00e9ndez &#8211; \u00d3scar Flores El vicerrector de la Universidad Luterana Salvadore\u00f1a, Dagoberto Guti\u00e9rrez, dijo que la reci\u00e9n aprobada disminuci\u00f3n de diputados en el \u00f3rgano&hellip; <\/p>\n","protected":false},"author":5,"featured_media":0,"comment_status":"closed","ping_status":"closed","sticky":false,"template":"","format":"standard","meta":{"footnotes":""},"categories":[26],"tags":[6023,56,740,6849],"class_list":["post-72571","post","type-post","status-publish","format-standard","hentry","category-noticias","tag-dialogo-21","tag-el-salvador","tag-politica","tag-reduccion-de-diputados"],"_links":{"self":[{"href":"https:\/\/megavision.com.sv\/web\/wp-json\/wp\/v2\/posts\/72571","targetHints":{"allow":["GET"]}}],"collection":[{"href":"https:\/\/megavision.com.sv\/web\/wp-json\/wp\/v2\/posts"}],"about":[{"href":"https:\/\/megavision.com.sv\/web\/wp-json\/wp\/v2\/types\/post"}],"author":[{"embeddable":true,"href":"https:\/\/megavision.com.sv\/web\/wp-json\/wp\/v2\/users\/5"}],"replies":[{"embeddable":true,"href":"https:\/\/megavision.com.sv\/web\/wp-json\/wp\/v2\/comments?post=72571"}],"version-history":[{"count":2,"href":"https:\/\/megavision.com.sv\/web\/wp-json\/wp\/v2\/posts\/72571\/revisions"}],"predecessor-version":[{"id":72608,"href":"https:\/\/megavision.com.sv\/web\/wp-json\/wp\/v2\/posts\/72571\/revisions\/72608"}],"wp:attachment":[{"href":"https:\/\/megavision.com.sv\/web\/wp-json\/wp\/v2\/media?parent=72571"}],"wp:term":[{"taxonomy":"category","embeddable":true,"href":"https:\/\/megavision.com.sv\/web\/wp-json\/wp\/v2\/categories?post=72571"},{"taxonomy":"post_tag","embeddable":true,"href":"https:\/\/megavision.com.sv\/web\/wp-json\/wp\/v2\/tags?post=72571"}],"curies":[{"name":"wp","href":"https:\/\/api.w.org\/{rel}","templated":true}]}}