{"id":72505,"date":"2023-06-07T11:34:26","date_gmt":"2023-06-07T17:34:26","guid":{"rendered":"https:\/\/megavision.com.sv\/?p=72505"},"modified":"2023-06-07T11:34:30","modified_gmt":"2023-06-07T17:34:30","slug":"nuevos-alcaldes-tendran-grandes-retos-para-solucionar-a-la-poblacion-asegura-soto","status":"publish","type":"post","link":"https:\/\/megavision.com.sv\/web\/nuevos-alcaldes-tendran-grandes-retos-para-solucionar-a-la-poblacion-asegura-soto\/","title":{"rendered":"Nuevos alcaldes &#8220;tendr\u00e1n grandes retos&#8221; para solucionar a la poblaci\u00f3n, asegura Soto"},"content":{"rendered":"\n<p><em>Javier Ponce<\/em><\/p>\n\n\n\n<p>Contin\u00faan surgiendo m\u00e1s opiniones a favor y en contra, sobre la reducci\u00f3n de diputados en la Asamblea Legislativa.<\/p>\n\n\n\n<p>El Ejecutivo present\u00f3 ayer la propuesta para reducir de 84 a 60 el n\u00famero de diputados en congreso, lo cual tiene un gran significado para algunos presidentes de distintos partidos pol\u00edticos.<\/p>\n\n\n\n<p>Para el presidente del partido Nuestro Tiempo, Andy Failer, la medida &#8220;es un intento de concentrar el poder&#8221;.<\/p>\n\n\n\n<figure class=\"wp-block-embed is-type-rich is-provider-twitter wp-block-embed-twitter\"><div class=\"wp-block-embed__wrapper\">\n<blockquote class=\"twitter-tweet\" data-width=\"550\" data-dnt=\"true\"><p lang=\"es\" dir=\"ltr\">El presidente del partido Nuestro Tiempo, Andy Failer, consider\u00f3 que la reducci\u00f3n de diputados aprobada por la Asamblea Legislativa &quot;son un intento de concentrar el poder&quot;. <br><br>V\u00eda Karen M\u00e9ndez <a href=\"https:\/\/t.co\/i1tNWF3Huq\">pic.twitter.com\/i1tNWF3Huq<\/a><\/p>&mdash; Telenoticias Megavisi\u00f3n (@TelenoticiasGMV) <a href=\"https:\/\/twitter.com\/TelenoticiasGMV\/status\/1666462116281294848?ref_src=twsrc%5Etfw\">June 7, 2023<\/a><\/blockquote><script async src=\"https:\/\/platform.twitter.com\/widgets.js\" charset=\"utf-8\"><\/script>\n<\/div><\/figure>\n\n\n\n<p>Mientras que el presidente del partido Fuerza Solidaria, dijo estar de acuerdo con la reducci\u00f3n de diputados, porque seg\u00fan \u00e9l, \u201cexistir\u00e1 un ahorro de gastos para el Estado\u201d.<\/p>\n\n\n\n<p>Asimismo asegur\u00f3 que los nuevos alcaldes, quienes representar\u00e1n los 44 municipios, tendr\u00e1n un gran reto en solucionar los problemas que afectan directamente a los habitantes de su jurisdicci\u00f3n y distritos.<\/p>\n\n\n\n<figure class=\"wp-block-embed is-type-rich is-provider-twitter wp-block-embed-twitter\"><div class=\"wp-block-embed__wrapper\">\n<blockquote class=\"twitter-tweet\" data-width=\"550\" data-dnt=\"true\"><p lang=\"es\" dir=\"ltr\">El Presidente del partido Fuerza Solidaria, <a href=\"https:\/\/twitter.com\/RigobertoSotoSV?ref_src=twsrc%5Etfw\">@rigobertosotoSV<\/a> dijo que los nuevos alcaldes, tendr\u00e1n grandes retos para solucionarle los problemas a sus habitantes. <a href=\"https:\/\/t.co\/NrxAIgTfU6\">pic.twitter.com\/NrxAIgTfU6<\/a><\/p>&mdash; Telenoticias Megavisi\u00f3n (@TelenoticiasGMV) <a href=\"https:\/\/twitter.com\/TelenoticiasGMV\/status\/1666496357790539797?ref_src=twsrc%5Etfw\">June 7, 2023<\/a><\/blockquote><script async src=\"https:\/\/platform.twitter.com\/widgets.js\" charset=\"utf-8\"><\/script>\n<\/div><\/figure>\n\n\n\n<p>Failer, por su parte, dijo que el inter\u00e9s del oficialismo de reducir los municipios se debe a una estrategia electoral.<\/p>\n\n\n\n<p>Ambos esperan, que el gobierno salvadore\u00f1o haya realizado un estudio escuchando a la poblaci\u00f3n y a los sectores involucrados para reducir la cantidad de diputados y municipios.<\/p>\n","protected":false},"excerpt":{"rendered":"<p>Contin\u00faan surgiendo m\u00e1s opiniones a favor y en contra, sobre la reducci\u00f3n de diputados en la Asamblea Legislativa.<\/p>\n","protected":false},"author":5,"featured_media":0,"comment_status":"closed","ping_status":"closed","sticky":false,"template":"","format":"standard","meta":{"footnotes":""},"categories":[26],"tags":[56,740,5837],"class_list":["post-72505","post","type-post","status-publish","format-standard","hentry","category-noticias","tag-el-salvador","tag-politica","tag-reduccion-de-municipios"],"_links":{"self":[{"href":"https:\/\/megavision.com.sv\/web\/wp-json\/wp\/v2\/posts\/72505","targetHints":{"allow":["GET"]}}],"collection":[{"href":"https:\/\/megavision.com.sv\/web\/wp-json\/wp\/v2\/posts"}],"about":[{"href":"https:\/\/megavision.com.sv\/web\/wp-json\/wp\/v2\/types\/post"}],"author":[{"embeddable":true,"href":"https:\/\/megavision.com.sv\/web\/wp-json\/wp\/v2\/users\/5"}],"replies":[{"embeddable":true,"href":"https:\/\/megavision.com.sv\/web\/wp-json\/wp\/v2\/comments?post=72505"}],"version-history":[{"count":1,"href":"https:\/\/megavision.com.sv\/web\/wp-json\/wp\/v2\/posts\/72505\/revisions"}],"predecessor-version":[{"id":72507,"href":"https:\/\/megavision.com.sv\/web\/wp-json\/wp\/v2\/posts\/72505\/revisions\/72507"}],"wp:attachment":[{"href":"https:\/\/megavision.com.sv\/web\/wp-json\/wp\/v2\/media?parent=72505"}],"wp:term":[{"taxonomy":"category","embeddable":true,"href":"https:\/\/megavision.com.sv\/web\/wp-json\/wp\/v2\/categories?post=72505"},{"taxonomy":"post_tag","embeddable":true,"href":"https:\/\/megavision.com.sv\/web\/wp-json\/wp\/v2\/tags?post=72505"}],"curies":[{"name":"wp","href":"https:\/\/api.w.org\/{rel}","templated":true}]}}