{"id":72433,"date":"2023-06-06T15:18:50","date_gmt":"2023-06-06T21:18:50","guid":{"rendered":"https:\/\/megavision.com.sv\/?p=72433"},"modified":"2023-06-06T15:18:51","modified_gmt":"2023-06-06T21:18:51","slug":"supuestos-pandilleros-que-asesinaron-a-un-empresario-seguiran-en-prision","status":"publish","type":"post","link":"https:\/\/megavision.com.sv\/web\/supuestos-pandilleros-que-asesinaron-a-un-empresario-seguiran-en-prision\/","title":{"rendered":"Supuestos pandilleros que asesinaron a un empresario seguir\u00e1n en prisi\u00f3n"},"content":{"rendered":"\n<p><em>Alex Jim\u00e9nez<\/em>\u00a0<\/p>\n\n\n\n<p>Los presuntos culpables de asesinar a un empresario del transporte colectivo el pasado 5 de abril en Col\u00f3n la libertad, se mantendr\u00e1n en prisi\u00f3n preventiva tras finalizar la audiencia inicial en su contra, seg\u00fan lo revel\u00f3 la Fiscal\u00eda General de la Rep\u00fablica.<\/p>\n\n\n\n<figure class=\"wp-block-embed is-type-rich is-provider-twitter wp-block-embed-twitter\"><div class=\"wp-block-embed__wrapper\">\n<blockquote class=\"twitter-tweet\" data-width=\"550\" data-dnt=\"true\"><p lang=\"es\" dir=\"ltr\"><a href=\"https:\/\/twitter.com\/hashtag\/Detenci%C3%B3n?src=hash&amp;ref_src=twsrc%5Etfw\">#Detenci\u00f3n<\/a> | En prisi\u00f3n preventiva se mantendr\u00e1n los 9 pandilleros de la MS vinculados al asesinato de un empresario de transporte que fue asesinado el pasado 5 de abril en Lourdes Col\u00f3n, La Libertad. <a href=\"https:\/\/t.co\/dTODh8mAET\">https:\/\/t.co\/dTODh8mAET<\/a> <a href=\"https:\/\/t.co\/Ga7EpIxbT6\">pic.twitter.com\/Ga7EpIxbT6<\/a><\/p>&mdash; Fiscal\u00eda General de la Rep\u00fablica El Salvador (@FGR_SV) <a href=\"https:\/\/twitter.com\/FGR_SV\/status\/1666173704357773315?ref_src=twsrc%5Etfw\">June 6, 2023<\/a><\/blockquote><script async src=\"https:\/\/platform.twitter.com\/widgets.js\" charset=\"utf-8\"><\/script>\n<\/div><\/figure>\n\n\n\n<p>Se trata de 9 supuestos pandilleros, quienes atacaron a la v\u00edctima por no pagar $1,500.00 de extorsi\u00f3n, la FGR asegura contar con las pruebas necesarias para que el caso pase a la siguiente etapa judicial.<\/p>\n\n\n\n<p>Las investigaciones de las autoridades&nbsp; se\u00f1alan que los sujetos, a bordo de motocicletas, siguieron a la v\u00edctima hasta su vivienda donde le dispararon hasta causarle la muerte.<\/p>\n\n\n\n<p><a href=\"https:\/\/twitter.com\/FGR_SV\/status\/1659713974886096899\">ttps:\/\/twitter.com\/FGR_SV\/status\/1659713974886096899<\/a>&nbsp;<\/p>\n\n\n\n<p>Previamente elementos de la FGR y de la Polic\u00eda Nacional civil&nbsp; ejecutaron allanamientos en las casas de los acusados, encontrando celulares con videos del crimen y registros telef\u00f3nicos que los incriminan con los hechos.<\/p>\n","protected":false},"excerpt":{"rendered":"<p>Los presuntos culpables de asesinar a un empresario del transporte colectivo el pasado 5 de abril en Col\u00f3n la libertad, se mantendr\u00e1n en prisi\u00f3n preventiva tras finalizar la audiencia inicial en su contra, seg\u00fan lo revel\u00f3 la Fiscal\u00eda General de la Rep\u00fablica.<\/p>\n","protected":false},"author":5,"featured_media":0,"comment_status":"closed","ping_status":"closed","sticky":false,"template":"","format":"standard","meta":{"footnotes":""},"categories":[26],"tags":[339,56,3252,6865],"class_list":["post-72433","post","type-post","status-publish","format-standard","hentry","category-noticias","tag-capturas","tag-el-salvador","tag-fiscalia-general-de-la-republica","tag-judicial"],"_links":{"self":[{"href":"https:\/\/megavision.com.sv\/web\/wp-json\/wp\/v2\/posts\/72433","targetHints":{"allow":["GET"]}}],"collection":[{"href":"https:\/\/megavision.com.sv\/web\/wp-json\/wp\/v2\/posts"}],"about":[{"href":"https:\/\/megavision.com.sv\/web\/wp-json\/wp\/v2\/types\/post"}],"author":[{"embeddable":true,"href":"https:\/\/megavision.com.sv\/web\/wp-json\/wp\/v2\/users\/5"}],"replies":[{"embeddable":true,"href":"https:\/\/megavision.com.sv\/web\/wp-json\/wp\/v2\/comments?post=72433"}],"version-history":[{"count":1,"href":"https:\/\/megavision.com.sv\/web\/wp-json\/wp\/v2\/posts\/72433\/revisions"}],"predecessor-version":[{"id":72435,"href":"https:\/\/megavision.com.sv\/web\/wp-json\/wp\/v2\/posts\/72433\/revisions\/72435"}],"wp:attachment":[{"href":"https:\/\/megavision.com.sv\/web\/wp-json\/wp\/v2\/media?parent=72433"}],"wp:term":[{"taxonomy":"category","embeddable":true,"href":"https:\/\/megavision.com.sv\/web\/wp-json\/wp\/v2\/categories?post=72433"},{"taxonomy":"post_tag","embeddable":true,"href":"https:\/\/megavision.com.sv\/web\/wp-json\/wp\/v2\/tags?post=72433"}],"curies":[{"name":"wp","href":"https:\/\/api.w.org\/{rel}","templated":true}]}}