{"id":72293,"date":"2023-06-05T11:21:34","date_gmt":"2023-06-05T17:21:34","guid":{"rendered":"https:\/\/megavision.com.sv\/?p=72293"},"modified":"2023-06-05T12:29:28","modified_gmt":"2023-06-05T18:29:28","slug":"el-oficialismo-cambio-las-reglas-del-juego-asegura-diputado","status":"publish","type":"post","link":"https:\/\/megavision.com.sv\/web\/el-oficialismo-cambio-las-reglas-del-juego-asegura-diputado\/","title":{"rendered":"\u201cEl oficialismo cambi\u00f3 las reglas del juego&#8221;, asegura diputado"},"content":{"rendered":"\n<p><em>Karen M\u00e9ndez &#8211; \u00d3scar Flores<\/em><\/p>\n\n\n\n<p>El diputado de ARENA, Francisco Lira, particip\u00f3 en la entrevista Di\u00e1logo de Grupo Megavisi\u00f3n y critic\u00f3 la propuesta del presidente Nayib Bukele de reducir el n\u00famero de municipios y diputados en la Asamblea Legislativa.<\/p>\n\n\n\n<p>Al respecto, el diputado tricolor, Francisco Lira, se\u00f1al\u00f3 que para \u00e9l, la propuesta de reducir municipios &#8220;es un juego pol\u00edtico m\u00e1s\u201d, y agreg\u00f3 que &#8220;en el discurso del presidente en la Asamblea, los diputados de Nuevas Ideas se paraban y aplaud\u00edan y no se daban cuenta de lo que estaban aplaudiendo. Ten\u00edan caras largas\u201d.<\/p>\n\n\n\n<figure class=\"wp-block-embed is-type-rich is-provider-twitter wp-block-embed-twitter\"><div class=\"wp-block-embed__wrapper\">\n<blockquote class=\"twitter-tweet\" data-width=\"550\" data-dnt=\"true\"><p lang=\"es\" dir=\"ltr\">Diputado <a href=\"https:\/\/twitter.com\/franciscolirasv?ref_src=twsrc%5Etfw\">@franciscolirasv<\/a> : \u201cEl oficialismo cambi\u00f3 las reglas del juego. Porque antes estaba claro que no se pod\u00eda hacer cambios un a\u00f1o antes de las elecciones\u201d. <a href=\"https:\/\/t.co\/VFkXtdDhgK\">pic.twitter.com\/VFkXtdDhgK<\/a><\/p>&mdash; Di\u00e1logo (@dialogo21) <a href=\"https:\/\/twitter.com\/dialogo21\/status\/1665714074292834306?ref_src=twsrc%5Etfw\">June 5, 2023<\/a><\/blockquote><script async src=\"https:\/\/platform.twitter.com\/widgets.js\" charset=\"utf-8\"><\/script>\n<\/div><\/figure>\n\n\n\n<p>Por otra parte,&nbsp;Lira tambi\u00e9n se\u00f1al\u00f3 que la econom\u00eda fue&nbsp;uno de los temas ausentes durante el discurso de los cuatro a\u00f1os de gesti\u00f3n del mandatario y se\u00f1al\u00f3 que a\u00fan deben impulsarse medidas como apostarle a la agricultura para aliviar la crisis alimentaria en el pa\u00eds.<\/p>\n\n\n\n<p>\u201cLas personas vulnerables no fueron tomadas en cuenta en el discurso del presidente\u201d, expres\u00f3 Lira.<\/p>\n\n\n\n<p>Se espera que ambas propuestas entregadas por el presidente, Nayib Bukele el pasado 1\u00b0 de junio sean analizadas este martes al interior del congreso.<\/p>\n\n\n\n<figure class=\"wp-block-embed is-type-wp-embed is-provider-grupo-megavision wp-block-embed-grupo-megavision\"><div class=\"wp-block-embed__wrapper\">\n<blockquote class=\"wp-embedded-content\" data-secret=\"DWTUJEZgQD\"><a href=\"https:\/\/megavision.com.sv\/no-le-va-a-temblar-la-mano-al-presidente-para-combatir-la-corrupcion-dice-auerbach\/\">&#8220;No le va a temblar la mano al presidente para combatir la corrupci\u00f3n&#8221;, dice Auerbach<\/a><\/blockquote><iframe loading=\"lazy\" class=\"wp-embedded-content\" sandbox=\"allow-scripts\" security=\"restricted\" style=\"position: absolute; clip: rect(1px, 1px, 1px, 1px);\" title=\"\u00ab&#8220;No le va a temblar la mano al presidente para combatir la corrupci\u00f3n&#8221;, dice Auerbach\u00bb \u2014 Grupo Megavision\" src=\"https:\/\/megavision.com.sv\/no-le-va-a-temblar-la-mano-al-presidente-para-combatir-la-corrupcion-dice-auerbach\/embed\/#?secret=x9rbfIrTpk#?secret=DWTUJEZgQD\" data-secret=\"DWTUJEZgQD\" width=\"600\" height=\"338\" frameborder=\"0\" marginwidth=\"0\" marginheight=\"0\" scrolling=\"no\"><\/iframe>\n<\/div><\/figure>\n","protected":false},"excerpt":{"rendered":"<p>Los diputados de la Asamblea Legislativa, Francisco Lira (ARENA) y Romeo Auerbach (GANA), manifestaron su postura sobre la disminuci\u00f3n de alcald\u00edas y diputados que se espera, sea estudiada esta semana en la Asamblea Legislativa.<\/p>\n","protected":false},"author":5,"featured_media":0,"comment_status":"closed","ping_status":"closed","sticky":false,"template":"","format":"standard","meta":{"footnotes":""},"categories":[26],"tags":[795,1301,56],"class_list":["post-72293","post","type-post","status-publish","format-standard","hentry","category-noticias","tag-arena","tag-asamblea-legislativa","tag-el-salvador"],"_links":{"self":[{"href":"https:\/\/megavision.com.sv\/web\/wp-json\/wp\/v2\/posts\/72293","targetHints":{"allow":["GET"]}}],"collection":[{"href":"https:\/\/megavision.com.sv\/web\/wp-json\/wp\/v2\/posts"}],"about":[{"href":"https:\/\/megavision.com.sv\/web\/wp-json\/wp\/v2\/types\/post"}],"author":[{"embeddable":true,"href":"https:\/\/megavision.com.sv\/web\/wp-json\/wp\/v2\/users\/5"}],"replies":[{"embeddable":true,"href":"https:\/\/megavision.com.sv\/web\/wp-json\/wp\/v2\/comments?post=72293"}],"version-history":[{"count":4,"href":"https:\/\/megavision.com.sv\/web\/wp-json\/wp\/v2\/posts\/72293\/revisions"}],"predecessor-version":[{"id":72310,"href":"https:\/\/megavision.com.sv\/web\/wp-json\/wp\/v2\/posts\/72293\/revisions\/72310"}],"wp:attachment":[{"href":"https:\/\/megavision.com.sv\/web\/wp-json\/wp\/v2\/media?parent=72293"}],"wp:term":[{"taxonomy":"category","embeddable":true,"href":"https:\/\/megavision.com.sv\/web\/wp-json\/wp\/v2\/categories?post=72293"},{"taxonomy":"post_tag","embeddable":true,"href":"https:\/\/megavision.com.sv\/web\/wp-json\/wp\/v2\/tags?post=72293"}],"curies":[{"name":"wp","href":"https:\/\/api.w.org\/{rel}","templated":true}]}}