{"id":72175,"date":"2023-05-30T16:37:18","date_gmt":"2023-05-30T22:37:18","guid":{"rendered":"https:\/\/megavision.com.sv\/?p=72175"},"modified":"2023-05-30T16:39:03","modified_gmt":"2023-05-30T22:39:03","slug":"fgr-pide-prision-preventiva-para-presuntos-asesinos-del-agente-maximino-vasquez-durante-proceso","status":"publish","type":"post","link":"https:\/\/megavision.com.sv\/web\/fgr-pide-prision-preventiva-para-presuntos-asesinos-del-agente-maximino-vasquez-durante-proceso\/","title":{"rendered":"FGR pide prisi\u00f3n preventiva para presuntos asesinos del agente maximino V\u00e1squez durante proceso"},"content":{"rendered":"\n<p>La Fiscal\u00eda General de la Rep\u00fablica pidi\u00f3 que los tres pandilleros responsables del asesinato del agente policial Maximino V\u00e1squez contin\u00faen en detenci\u00f3n mientras sigue el proceso judicial.<\/p>\n\n\n\n<p>Seg\u00fan la Fiscal\u00eda \u201clas investigaciones han determinado que en el lugar del crimen hab\u00eda un campamento de pandilleros\u201d y a\u00f1ade que \u201cal observar la presencia del agente policial le dispararon con arma de fuego en m\u00faltiples ocasiones\u201d.<\/p>\n\n\n\n<figure class=\"wp-block-embed is-type-rich is-provider-twitter wp-block-embed-twitter\"><div class=\"wp-block-embed__wrapper\">\n<blockquote class=\"twitter-tweet\" data-width=\"550\" data-dnt=\"true\"><p lang=\"es\" dir=\"ltr\"><a href=\"https:\/\/twitter.com\/hashtag\/CombateAPandillas?src=hash&amp;ref_src=twsrc%5Etfw\">#CombateAPandillas<\/a> I Hoy, la <a href=\"https:\/\/twitter.com\/FGR_SV?ref_src=twsrc%5Etfw\">@FGR_SV<\/a> solicit\u00f3 que los tres pandilleros responsables de quitarle la vida a un agente policial el pasado 16 de mayo, contin\u00faen en detenci\u00f3n mientras sigue el proceso.<br><br>Los hechos ocurrieron en el cant\u00f3n El Zapote de Nueva Concepci\u00f3n, en Chalatenango. <a href=\"https:\/\/t.co\/StQPKmFYpI\">pic.twitter.com\/StQPKmFYpI<\/a><\/p>&mdash; Fiscal\u00eda General de la Rep\u00fablica El Salvador (@FGR_SV) <a href=\"https:\/\/twitter.com\/FGR_SV\/status\/1663662546266595329?ref_src=twsrc%5Etfw\">May 30, 2023<\/a><\/blockquote><script async src=\"https:\/\/platform.twitter.com\/widgets.js\" charset=\"utf-8\"><\/script>\n<\/div><\/figure>\n\n\n\n<p>Los tres terroristas fueron presentados el pasado 26 de mayo por las autoridades del Gabinete de Seguridad: el director de la Polic\u00eda Nacional Civil, Arriaza Chicas; el ministro de Seguridad, Gustavo Villatoro; el ministro de la Defensa Nacional, Ren\u00e9 Francis Merino Monroy y el fiscal general, Rodolfo Delgado.<\/p>\n\n\n\n<p>El titular del ministerio p\u00fablico expres\u00f3 que los presuntos responsables podr\u00edan pasar de 30 a 50 a\u00f1os por el asesinato del agente policial.<\/p>\n\n\n\n<figure class=\"wp-block-embed is-type-wp-embed is-provider-grupo-megavision wp-block-embed-grupo-megavision\"><div class=\"wp-block-embed__wrapper\">\n<blockquote class=\"wp-embedded-content\" data-secret=\"hry9KBXMft\"><a href=\"https:\/\/megavision.com.sv\/presentan-a-los-responsables-del-asesinato-del-agente-maximino-vasquez-en-nueva-concepcion\/\">Presentan a los responsables del asesinato del agente Maximino V\u00e1squez en Nueva Concepci\u00f3n<\/a><\/blockquote><iframe loading=\"lazy\" class=\"wp-embedded-content\" sandbox=\"allow-scripts\" security=\"restricted\" style=\"position: absolute; clip: rect(1px, 1px, 1px, 1px);\" title=\"\u00abPresentan a los responsables del asesinato del agente Maximino V\u00e1squez en Nueva Concepci\u00f3n\u00bb \u2014 Grupo Megavision\" src=\"https:\/\/megavision.com.sv\/presentan-a-los-responsables-del-asesinato-del-agente-maximino-vasquez-en-nueva-concepcion\/embed\/#?secret=VezsP8kdKy#?secret=hry9KBXMft\" data-secret=\"hry9KBXMft\" width=\"600\" height=\"338\" frameborder=\"0\" marginwidth=\"0\" marginheight=\"0\" scrolling=\"no\"><\/iframe>\n<\/div><\/figure>\n","protected":false},"excerpt":{"rendered":"<p>La Fiscal\u00eda General de la Rep\u00fablica pidi\u00f3 que los tres pandilleros responsables del asesinato del agente policial Maximino V\u00e1squez contin\u00faen en detenci\u00f3n mientras sigue el proceso judicial.<\/p>\n","protected":false},"author":5,"featured_media":0,"comment_status":"closed","ping_status":"closed","sticky":false,"template":"","format":"standard","meta":{"footnotes":""},"categories":[26],"tags":[56,3252,2910,5409],"class_list":["post-72175","post","type-post","status-publish","format-standard","hentry","category-noticias","tag-el-salvador","tag-fiscalia-general-de-la-republica","tag-policia-nacional-civil","tag-seguridad"],"_links":{"self":[{"href":"https:\/\/megavision.com.sv\/web\/wp-json\/wp\/v2\/posts\/72175","targetHints":{"allow":["GET"]}}],"collection":[{"href":"https:\/\/megavision.com.sv\/web\/wp-json\/wp\/v2\/posts"}],"about":[{"href":"https:\/\/megavision.com.sv\/web\/wp-json\/wp\/v2\/types\/post"}],"author":[{"embeddable":true,"href":"https:\/\/megavision.com.sv\/web\/wp-json\/wp\/v2\/users\/5"}],"replies":[{"embeddable":true,"href":"https:\/\/megavision.com.sv\/web\/wp-json\/wp\/v2\/comments?post=72175"}],"version-history":[{"count":2,"href":"https:\/\/megavision.com.sv\/web\/wp-json\/wp\/v2\/posts\/72175\/revisions"}],"predecessor-version":[{"id":72178,"href":"https:\/\/megavision.com.sv\/web\/wp-json\/wp\/v2\/posts\/72175\/revisions\/72178"}],"wp:attachment":[{"href":"https:\/\/megavision.com.sv\/web\/wp-json\/wp\/v2\/media?parent=72175"}],"wp:term":[{"taxonomy":"category","embeddable":true,"href":"https:\/\/megavision.com.sv\/web\/wp-json\/wp\/v2\/categories?post=72175"},{"taxonomy":"post_tag","embeddable":true,"href":"https:\/\/megavision.com.sv\/web\/wp-json\/wp\/v2\/tags?post=72175"}],"curies":[{"name":"wp","href":"https:\/\/api.w.org\/{rel}","templated":true}]}}