{"id":71336,"date":"2023-05-19T08:53:40","date_gmt":"2023-05-19T14:53:40","guid":{"rendered":"https:\/\/megavision.com.sv\/?p=71336"},"modified":"2023-05-19T09:10:10","modified_gmt":"2023-05-19T15:10:10","slug":"barro-y-desolacion-en-el-norte-de-italia-tras-inundaciones","status":"publish","type":"post","link":"https:\/\/megavision.com.sv\/web\/barro-y-desolacion-en-el-norte-de-italia-tras-inundaciones\/","title":{"rendered":"Barro y desolaci\u00f3n en el norte de Italia tras inundaciones"},"content":{"rendered":"\n<p><em>AFP<\/em><\/p>\n\n\n\n<p>Un verdadero espect\u00e1culo de desolaci\u00f3n se erige ante los ojos de Fred Osazuwa en Faenza, uno de los municipios m\u00e1s duramente golpeados por las inundaciones en los \u00faltimos d\u00edas en Emilia Roma\u00f1a, en el norte de Italia.<\/p>\n\n\n\n<p>&#8220;Solo tengo el piyama que llevo puesto&#8221;, precisa este operador de 58 a\u00f1os, que nunca pens\u00f3 que, en tan solo unas horas, el nivel del agua subiera hasta m\u00e1s de dos metros en su cocina.&nbsp;&nbsp;<\/p>\n\n\n\n<p>&#8220;Perd\u00ed todo&#8221;, explica por su parte Hagard, entrevistado por la AFP, mientras que su esposa, ayudada por amigos, se ocupa de limpiar lo que queda de los efectos personales de la familia, con los pies hundidos en 15 cm de barro.&nbsp;<\/p>\n\n\n\n<p>Lavarropas, heladera, ropa, comida&#8230; la lluvia de principios de la semana arras\u00f3 con recuerdos y objetos cotidianos que ahora se amontonan fuera de las casas vac\u00edas, manchados por el lodo.&nbsp;&nbsp;<\/p>\n\n\n\n<p>&#8220;Gracias a Dios, mi familia y yo estamos bien&#8221;, asegura Osazuwa.&nbsp;<\/p>\n\n\n\n<p>El viernes por la ma\u00f1ana, el n\u00famero de muertos se elev\u00f3 a 14 tras el descubrimiento de un hombre ahogado en su casa en Faenza.&nbsp;<\/p>\n\n\n\n<p>En Ravena, las autoridades decretaron &#8220;la evacuaci\u00f3n urgente e inmediata&#8221; de varios barrios y calles y lanzaron un llamamiento a la poblaci\u00f3n para &#8220;desplazarse \u00fanicamente en caso de necesidad&#8221;.&nbsp;<\/p>\n\n\n\n<p>Un total de 15.000 personas se vieron obligadas a abandonar sus hogares para escapar de las inundaciones, la mitad de las cuales fueron alojadas en centros de acogida de la Cruz Roja o de protecci\u00f3n civil.<\/p>\n\n\n\n<h2 class=\"wp-block-heading\">&#8211; Lodo por todas partes &#8211;<\/h2>\n\n\n\n<p>Tommaso Conti va y viene con su escoba con la esperanza de limpiar lo antes posible los estigmas dejados por el r\u00edo Lamone, que se sali\u00f3 de su lecho a pocos pasos de all\u00ed.<\/p>\n\n\n\n<p>&#8220;Empezamos temprano esta ma\u00f1ana y es probable que el trabajo lleve todo el d\u00eda&#8221;, indica el voluntario de 21 a\u00f1os, para quien venir a echar una mano era una evidencia.&nbsp;<\/p>\n\n\n\n<p>&#8220;Conocemos a gente que vive aqu\u00ed y nos pareci\u00f3 justo ayudar&#8221;, explica el joven, con botas en los pies como todo el vecindario.&nbsp;<\/p>\n\n\n\n<p>El viernes por la ma\u00f1ana, la desolaci\u00f3n de los habitantes de esta zona del sureste de la ciudad se conjugaba con la ayuda mutua. El objetivo de todos es poder dejar atr\u00e1s este episodio. &nbsp;<\/p>\n\n\n\n<p>&#8220;Hemos hecho un buen trabajo. La situaci\u00f3n mejor\u00f3 en comparaci\u00f3n con hace dos d\u00edas, pero todav\u00eda tenemos que limpiar todo&#8221;, dice Yuri Galeotti, un estudiante de 34 a\u00f1os.&nbsp;<\/p>\n\n\n\n<p>Consider\u00e1ndose &#8220;afortunado&#8221; de vivir en el tercer piso de una residencia del barrio, afirma que &#8220;los vecinos que viven en la planta baja y en el primer piso lo perdieron todo ya que el agua alcanz\u00f3 los dos metros de altura&#8221;.<\/p>\n\n\n\n<p>Detr\u00e1s de \u00e9l, los servicios de reparaci\u00f3n de autom\u00f3viles se activan para retirar los coches atrapados en el agua unos d\u00edas antes.<\/p>\n\n\n\n<p>M\u00e1s abajo en la calle, otra familia barre, pero sin resultados. El lodo se aferra en los pasillos del s\u00f3tano, la entrada de la casa&#8230; en todas partes.&nbsp;<\/p>\n\n\n\n<p>En vano intentan desatascar las alcantarillas.&nbsp;<\/p>\n\n\n\n<p>La v\u00edspera, los habitantes de esta ciudad de cerca de 60,000 habitantes situada a unos 50 km de Bolonia, hab\u00edan comenzado los trabajos de limpieza, pero el viernes la lluvia se invit\u00f3 de nuevo a Faenza y su regi\u00f3n.\u00a0<\/p>\n","protected":false},"excerpt":{"rendered":"<p>AFP Un verdadero espect\u00e1culo de desolaci\u00f3n se erige ante los ojos de Fred Osazuwa en Faenza, uno de los municipios m\u00e1s duramente golpeados por las&hellip; <\/p>\n","protected":false},"author":6,"featured_media":0,"comment_status":"closed","ping_status":"closed","sticky":false,"template":"","format":"standard","meta":{"footnotes":""},"categories":[26],"tags":[6640,753,758,6613],"class_list":["post-71336","post","type-post","status-publish","format-standard","hentry","category-noticias","tag-emilia-romana-2","tag-inundaciones","tag-italia","tag-norte-de-italia"],"_links":{"self":[{"href":"https:\/\/megavision.com.sv\/web\/wp-json\/wp\/v2\/posts\/71336","targetHints":{"allow":["GET"]}}],"collection":[{"href":"https:\/\/megavision.com.sv\/web\/wp-json\/wp\/v2\/posts"}],"about":[{"href":"https:\/\/megavision.com.sv\/web\/wp-json\/wp\/v2\/types\/post"}],"author":[{"embeddable":true,"href":"https:\/\/megavision.com.sv\/web\/wp-json\/wp\/v2\/users\/6"}],"replies":[{"embeddable":true,"href":"https:\/\/megavision.com.sv\/web\/wp-json\/wp\/v2\/comments?post=71336"}],"version-history":[{"count":1,"href":"https:\/\/megavision.com.sv\/web\/wp-json\/wp\/v2\/posts\/71336\/revisions"}],"predecessor-version":[{"id":71338,"href":"https:\/\/megavision.com.sv\/web\/wp-json\/wp\/v2\/posts\/71336\/revisions\/71338"}],"wp:attachment":[{"href":"https:\/\/megavision.com.sv\/web\/wp-json\/wp\/v2\/media?parent=71336"}],"wp:term":[{"taxonomy":"category","embeddable":true,"href":"https:\/\/megavision.com.sv\/web\/wp-json\/wp\/v2\/categories?post=71336"},{"taxonomy":"post_tag","embeddable":true,"href":"https:\/\/megavision.com.sv\/web\/wp-json\/wp\/v2\/tags?post=71336"}],"curies":[{"name":"wp","href":"https:\/\/api.w.org\/{rel}","templated":true}]}}