{"id":71043,"date":"2023-05-16T11:37:16","date_gmt":"2023-05-16T17:37:16","guid":{"rendered":"https:\/\/megavision.com.sv\/?p=71043"},"modified":"2023-05-16T11:37:18","modified_gmt":"2023-05-16T17:37:18","slug":"camavinga-y-una-nueva-prueba-de-fuego-en-manchester","status":"publish","type":"post","link":"https:\/\/megavision.com.sv\/web\/camavinga-y-una-nueva-prueba-de-fuego-en-manchester\/","title":{"rendered":"Camavinga y una nueva prueba de fuego en M\u00e1nchester"},"content":{"rendered":"\n<p><em>AFP<\/em><\/p>\n\n\n\n<p>Los jugadores y aficionados del Real Madrid tuvieron el coraz\u00f3n en un pu\u00f1o cuando Eduardo Camavinga sali\u00f3 cojeando del partido liguero contra el Getafe el s\u00e1bado, antes de medirse este mi\u00e9rcoles al Manchester City en la Champions, una nueva prueba de fuego para el prodigio franc\u00e9s de 20 a\u00f1os.<\/p>\n\n\n\n<p>Todos respiraron cuando Carlo Ancelotti dijo en la rueda de prensa posterior al encuentro que &#8220;era una peque\u00f1a torsi\u00f3n de la rodilla&#8221; y que &#8220;no habr\u00e1 problema&#8221; para su presencia en M\u00e1nchester.<\/p>\n\n\n\n<p>El franc\u00e9s ya hizo el lunes parte del entrenamiento con el equipo y ha sido incluido en la convocatoria para viajar a Inglaterra para alivio de todos.<\/p>\n\n\n\n<p>Y es que el centrocampista internacional franc\u00e9s se ha convertido en una figura clave para el vigente campe\u00f3n de Europa, que afronta toda una final anticipada en el Etihad tras el empate 1-1 en Madrid la pasada semana en la ida de semifinales de Champions.<\/p>\n\n\n\n<p>Camavinga jug\u00f3 un papel clave en ese encuentro con su asistencia en el brillante gol de Vinicius, pero tambi\u00e9n tuvo parte de culpa en el empate del City, al perder un bal\u00f3n que acab\u00f3 con el tanto de Kevin De Bruyne.<\/p>\n\n\n\n<p>Jugar en el lateral izquierdo, en lugar de su posici\u00f3n natural de centrocampista, le lleva a cometer errores ocasionales, pero partido a partido Camavinga se est\u00e1 mostrando m\u00e1s seguro en su nueva posici\u00f3n.<\/p>\n\n\n\n<p><strong>&#8211; Versatilidad &#8211;<br><\/strong>En parte obligado por las recurrentes lesiones de Ferland Mendy, Ancelotti no ha dudado en recurrir a Camavinga para el lateral izquierdo en su once de gala.<\/p>\n\n\n\n<p>Su versatilidad le ha ayudado a convertirse en un habitual del Madrid, en lugar de luchar con Toni Kroos y Aurelien Tchouameni por un puesto titular en el centro del campo.<\/p>\n\n\n\n<p>Su aprendizaje como lateral ha sido arduo en ocasiones, sin apenas ayudas de Vinicius en tareas defensivas, pero su progresi\u00f3n ha sido r\u00e1pida.<\/p>\n\n\n\n<p>La temporada pasada, Camavinga fue importante para el Real Madrid, que consigui\u00f3 su 14\u00ba t\u00edtulo de Champions, pero partiendo principalmente desde el banquillo en los tramos finales de los encuentros.<\/p>\n\n\n\n<p>El centrocampista aport\u00f3 energ\u00eda al equipo y ayud\u00f3 a superar las pr\u00f3rrogas ante el Chelsea y luego el M\u00e1nchester City en semifinales.<\/p>\n\n\n\n<p>Sin embargo, en la actual temporada se ha hecho m\u00e1s imprescindible, a pesar de jugar en el lateral, interviniendo ya en 54 partidos.<\/p>\n\n\n\n<p><strong>&#8211; Carrera precoz &#8211;<br><\/strong>La carrera de Camavinga en el equipo merengue comenz\u00f3 en el verano de 2021 cuando lleg\u00f3 por 40 millones de euros (44 millones de d\u00f3lares) tras un gran y precoz rendimiento en el Rennes franc\u00e9s.<\/p>\n\n\n\n<p>En 2019 se convirti\u00f3 en el jugador m\u00e1s joven de la historia del equipo franc\u00e9s con 16 a\u00f1os, cuatro meses y 27 d\u00edas, y en 2020 se convirti\u00f3 en el debutante m\u00e1s joven con la selecci\u00f3n francesa desde 1914.<\/p>\n\n\n\n<p>Est\u00e1 claro que jugar\u00e1 un papel importante en el futuro del Real Madrid, pero est\u00e1 por ver en qu\u00e9 posici\u00f3n.<\/p>\n\n\n\n<p>Adem\u00e1s de Tchouameni y Valverde, corren los rumores sobre el inter\u00e9s del Real Madrid por el centrocampista del Borussia Dortmund, Jude Bellingham, lo que ampliar\u00eda la competencia en la medular.<\/p>\n\n\n\n<p>&#8220;Me sorprende lo r\u00e1pido que se ha adaptado al Real Madrid porque es un club muy grande y no es f\u00e1cil&#8221;, dijo el excentrocampista del Madrid Claude Makelele a principios de mayo.<\/p>\n\n\n\n<p>El City pude ver a Camavinga como el eslab\u00f3n d\u00e9bil del Real Madrid despu\u00e9s de su error en el partido de ida, pero el franc\u00e9s tambi\u00e9n registr\u00f3 el mayor n\u00famero de duelos ganados, anulando a Bernardo Silva.<\/p>\n\n\n\n<p>Si el equipo de Pep Guardiola apunta al joven jugador, Camavinga ha demostrado que puede estar a la altura del desaf\u00edo.<\/p>\n","protected":false},"excerpt":{"rendered":"<p>AFP Los jugadores y aficionados del Real Madrid tuvieron el coraz\u00f3n en un pu\u00f1o cuando Eduardo Camavinga sali\u00f3 cojeando del partido liguero contra el Getafe&hellip; <\/p>\n","protected":false},"author":6,"featured_media":0,"comment_status":"closed","ping_status":"closed","sticky":false,"template":"","format":"standard","meta":{"footnotes":""},"categories":[30],"tags":[6562,1316,688],"class_list":["post-71043","post","type-post","status-publish","format-standard","hentry","category-deportes","tag-camavinga","tag-champions","tag-manchester-city"],"_links":{"self":[{"href":"https:\/\/megavision.com.sv\/web\/wp-json\/wp\/v2\/posts\/71043","targetHints":{"allow":["GET"]}}],"collection":[{"href":"https:\/\/megavision.com.sv\/web\/wp-json\/wp\/v2\/posts"}],"about":[{"href":"https:\/\/megavision.com.sv\/web\/wp-json\/wp\/v2\/types\/post"}],"author":[{"embeddable":true,"href":"https:\/\/megavision.com.sv\/web\/wp-json\/wp\/v2\/users\/6"}],"replies":[{"embeddable":true,"href":"https:\/\/megavision.com.sv\/web\/wp-json\/wp\/v2\/comments?post=71043"}],"version-history":[{"count":1,"href":"https:\/\/megavision.com.sv\/web\/wp-json\/wp\/v2\/posts\/71043\/revisions"}],"predecessor-version":[{"id":71046,"href":"https:\/\/megavision.com.sv\/web\/wp-json\/wp\/v2\/posts\/71043\/revisions\/71046"}],"wp:attachment":[{"href":"https:\/\/megavision.com.sv\/web\/wp-json\/wp\/v2\/media?parent=71043"}],"wp:term":[{"taxonomy":"category","embeddable":true,"href":"https:\/\/megavision.com.sv\/web\/wp-json\/wp\/v2\/categories?post=71043"},{"taxonomy":"post_tag","embeddable":true,"href":"https:\/\/megavision.com.sv\/web\/wp-json\/wp\/v2\/tags?post=71043"}],"curies":[{"name":"wp","href":"https:\/\/api.w.org\/{rel}","templated":true}]}}